{"id":45506,"date":"2021-03-31T00:33:29","date_gmt":"2021-03-31T00:33:29","guid":{"rendered":"https:\/\/jorgezanoni.com.br\/2019\/?p=45506"},"modified":"2021-03-31T00:33:29","modified_gmt":"2021-03-31T00:33:29","slug":"boletim-atualizado-da-covid-19-da-secretaria-municipal-de-saude-de-dracena-30-03-21","status":"publish","type":"post","link":"https:\/\/jorgezanoni.com.br\/2019\/boletim-atualizado-da-covid-19-da-secretaria-municipal-de-saude-de-dracena-30-03-21\/","title":{"rendered":"Boletim atualizado da COVID-19 da Secretaria Municipal de Sa\u00fade de Dracena 30\/03\/21"},"content":{"rendered":"<div class=\"kvgmc6g5 cxmmr5t8 oygrvhab hcukyx3x c1et5uql ii04i59q\">\n<div dir=\"auto\">Boletim epidemiol\u00f3gico de Covid 19<\/div>\n<div dir=\"auto\">Ter\u00e7a-feira (30\/03)<\/div>\n<\/div>\n<div class=\"o9v6fnle cxmmr5t8 oygrvhab hcukyx3x c1et5uql ii04i59q\">\n<div dir=\"auto\">Suspeitos: 20<\/div>\n<div dir=\"auto\">Suspeitos Domiciliar: 20<\/div>\n<div dir=\"auto\">Suspeito Hospitalar: 0<\/div>\n<\/div>\n<div class=\"o9v6fnle cxmmr5t8 oygrvhab hcukyx3x c1et5uql ii04i59q\">\n<div dir=\"auto\">Confirmados: 3.959<\/div>\n<div dir=\"auto\">Curados: 3.660<\/div>\n<div dir=\"auto\">Isolamento domiciliar: 108<\/div>\n<div dir=\"auto\">Tratamento Hospitalar: 29<\/div>\n<div dir=\"auto\">\u00d3bitos: 162<\/div>\n<\/div>\n<div class=\"o9v6fnle cxmmr5t8 oygrvhab hcukyx3x c1et5uql ii04i59q\">\n<div dir=\"auto\">ALERTA<\/div>\n<div dir=\"auto\">Nas \u00faltimas 24 horas, 26 novos casos<\/div>\n<\/div>\n<div class=\"o9v6fnle cxmmr5t8 oygrvhab hcukyx3x c1et5uql ii04i59q\">\n<div dir=\"auto\">Nas \u00faltimas 24 horas, 35 curados<\/div>\n<\/div>\n<div class=\"o9v6fnle cxmmr5t8 oygrvhab hcukyx3x c1et5uql ii04i59q\">\n<div dir=\"auto\">TODOS OS CUIDADOS DEVEM CONTINUAR A SEREM SEGUIDOS PARA PREVEN\u00c7\u00c3O AO CORONAV\u00cdRUS!<\/div>\n<div dir=\"auto\"><\/div>\n<\/div>\n<div dir=\"auto\">Fonte: https:\/\/www.facebook.com\/prefeituradracena<\/div>\n","protected":false},"excerpt":{"rendered":"<p>Boletim epidemiol\u00f3gico de Covid 19 Ter\u00e7a-feira (30\/03) Suspeitos: 20 Suspeitos Domiciliar: 20 Suspeito Hospitalar: 0 Confirmados: 3.959 Curados: 3.660 Isolamento domiciliar: 108 Tratamento Hospitalar: 29 \u00d3bitos: 162 ALERTA Nas \u00faltimas 24 horas, 26 novos casos Nas \u00faltimas 24 horas, 35 curados TODOS OS CUIDADOS DEVEM CONTINUAR A SEREM SEGUIDOS PARA PREVEN\u00c7\u00c3O AO CORONAV\u00cdRUS! Fonte: https:\/\/www.facebook.com\/prefeituradracena<\/p>\n","protected":false},"author":1,"featured_media":45507,"comment_status":"closed","ping_status":"open","sticky":false,"template":"","format":"standard","meta":{"footnotes":""},"categories":[179,184,110],"tags":[],"class_list":["post-45506","post","type-post","status-publish","format-standard","has-post-thumbnail","hentry","category-cidadeseregiao","category-dracena","category-noticiasdestaque"],"_links":{"self":[{"href":"https:\/\/jorgezanoni.com.br\/2019\/wp-json\/wp\/v2\/posts\/45506","targetHints":{"allow":["GET"]}}],"collection":[{"href":"https:\/\/jorgezanoni.com.br\/2019\/wp-json\/wp\/v2\/posts"}],"about":[{"href":"https:\/\/jorgezanoni.com.br\/2019\/wp-json\/wp\/v2\/types\/post"}],"author":[{"embeddable":true,"href":"https:\/\/jorgezanoni.com.br\/2019\/wp-json\/wp\/v2\/users\/1"}],"replies":[{"embeddable":true,"href":"https:\/\/jorgezanoni.com.br\/2019\/wp-json\/wp\/v2\/comments?post=45506"}],"version-history":[{"count":0,"href":"https:\/\/jorgezanoni.com.br\/2019\/wp-json\/wp\/v2\/posts\/45506\/revisions"}],"wp:featuredmedia":[{"embeddable":true,"href":"https:\/\/jorgezanoni.com.br\/2019\/wp-json\/wp\/v2\/media\/45507"}],"wp:attachment":[{"href":"https:\/\/jorgezanoni.com.br\/2019\/wp-json\/wp\/v2\/media?parent=45506"}],"wp:term":[{"taxonomy":"category","embeddable":true,"href":"https:\/\/jorgezanoni.com.br\/2019\/wp-json\/wp\/v2\/categories?post=45506"},{"taxonomy":"post_tag","embeddable":true,"href":"https:\/\/jorgezanoni.com.br\/2019\/wp-json\/wp\/v2\/tags?post=45506"}],"curies":[{"name":"wp","href":"https:\/\/api.w.org\/{rel}","templated":true}]}}