{"id":45503,"date":"2021-03-31T00:10:53","date_gmt":"2021-03-31T00:10:53","guid":{"rendered":"https:\/\/jorgezanoni.com.br\/2019\/?p=45503"},"modified":"2021-03-31T00:10:53","modified_gmt":"2021-03-31T00:10:53","slug":"tj-sp-proibe-abertura-de-academias-e-manda-dracena-seguir-as-regras-do-plano-sao-paulo","status":"publish","type":"post","link":"https:\/\/jorgezanoni.com.br\/2019\/tj-sp-proibe-abertura-de-academias-e-manda-dracena-seguir-as-regras-do-plano-sao-paulo\/","title":{"rendered":"TJ-SP pro\u00edbe abertura de academias e manda Dracena seguir as regras do Plano S\u00e3o Paulo"},"content":{"rendered":"<h2 class=\"content-head__subtitle\" style=\"text-align: justify;\"><strong>Desembargador Claudio Luiz Bueno de Godoy impediu a flexibiliza\u00e7\u00e3o de atividades econ\u00f4micas no munic\u00edpio como permitia um decreto publicado pela Prefeitura.<\/strong><\/h2>\n<div class=\"mc-column content-text active-extra-styles \" style=\"text-align: justify;\" data-block-type=\"unstyled\" data-block-weight=\"42\" data-block-id=\"2\">\n<p class=\"content-text__container \" data-track-category=\"Link no Texto\" data-track-links=\"\">O desembargador Claudio Luiz Bueno de Godoy, do \u00d3rg\u00e3o Especial do Tribunal de Justi\u00e7a do Estado de S\u00e3o Paulo (TJ-SP), impediu a flexibiliza\u00e7\u00e3o do funcionamento de atividades econ\u00f4micas que era liberada a partir de um decreto publicado pela Prefeitura de\u00a0<a href=\"https:\/\/g1.globo.com\/sp\/presidente-prudente-regiao\/cidade\/dracena\/\">Dracena (SP)<\/a>.<\/p>\n<\/div>\n<div class=\"wall protected-content\">\n<div class=\"mc-column content-text active-extra-styles \" style=\"text-align: justify;\" data-block-type=\"unstyled\" data-block-weight=\"41\" data-block-id=\"3\">\n<p class=\"content-text__container \" data-track-category=\"Link no Texto\" data-track-links=\"\">A decis\u00e3o, em car\u00e1ter liminar, foi concedida na tarde desta ter\u00e7a-feira (30) motivada por uma A\u00e7\u00e3o Direta de Inconstitucionalidade (Adin) movida pelo procurador-geral de Justi\u00e7a do Estado de S\u00e3o Paulo, M\u00e1rio Luiz Sarrubbo, que \u00e9 o chefe do Minist\u00e9rio P\u00fablico paulista.<\/p>\n<\/div>\n<div class=\"mc-column content-text active-extra-styles \" style=\"text-align: justify;\" data-block-type=\"unstyled\" data-block-weight=\"21\" data-block-id=\"4\">\n<p class=\"content-text__container \" data-track-category=\"Link no Texto\" data-track-links=\"\">Godoy ainda determinou na decis\u00e3o que o munic\u00edpio cumpra as regras estabelecidas no Plano S\u00e3o Paulo, como determina a legisla\u00e7\u00e3o estadual.<\/p>\n<\/div>\n<div class=\"mc-column content-text active-extra-styles \" style=\"text-align: justify;\" data-block-type=\"unstyled\" data-block-weight=\"30\" data-block-id=\"5\">\n<p class=\"content-text__container \" data-track-category=\"Link no Texto\" data-track-links=\"\">Um dos pontos do decreto combatidos na Adin \u00e9 o que trata como\u00a0<a href=\"https:\/\/g1.globo.com\/sp\/presidente-prudente-regiao\/noticia\/2021\/03\/24\/dracena-classifica-academias-clinicas-de-fisioterapia-e-oticas-como-servicos-essenciais-e-reduz-horario-de-lockdown.ghtml\">servi\u00e7os essenciais as atividades em academias de esportes de todas as modalidades, centros de gin\u00e1sticas e pilates<\/a>.<\/p>\n<\/div>\n<div class=\"mc-column content-text active-extra-styles \" style=\"text-align: justify;\" data-block-type=\"unstyled\" data-block-weight=\"43\" data-block-id=\"6\">\n<p class=\"content-text__container \" data-track-category=\"Link no Texto\" data-track-links=\"\">Na a\u00e7\u00e3o, o procurador-geral defendeu que a normatiza\u00e7\u00e3o usurpa compet\u00eancia do Estado, quando flexibiliza a quarentena, liberando atividades locais em desacordo com os termos do chamado Plano S\u00e3o Paulo e da fase em que, nos seus termos, se encontra classificada a cidade.<\/p>\n<\/div>\n<div class=\"mc-column content-text active-extra-styles \" style=\"text-align: justify;\" data-block-type=\"unstyled\" data-block-weight=\"20\" data-block-id=\"7\">\n<p class=\"content-text__container \" data-track-category=\"Link no Texto\" data-track-links=\"\">O desembargador cita na liminar algumas decis\u00f5es proferidas pelo Supremo Tribunal Federal (STF) que determinam compet\u00eancias de Estados e munic\u00edpios.<\/p>\n<\/div>\n<div class=\"mc-column content-text active-extra-styles\" style=\"text-align: justify;\" data-block-type=\"raw\" data-block-weight=\"94\" data-block-id=\"8\">\n<blockquote class=\"content-blockquote theme-border-color-primary-before\"><p>\u201cTais as raz\u00f5es que, ent\u00e3o, autorizam se conceda a liminar requerida, mediante a t\u00e9cnica da interpreta\u00e7\u00e3o conforme a Constitui\u00e7\u00e3o (e que aqui, consoante se adiantou, diz mesmo com a partilha de compet\u00eancias), para o fim de afastar qualquer compreens\u00e3o dos atos normativos e dispositivos indicados que se mostrem contr\u00e1rios \u00e0 normatiza\u00e7\u00e3o estadual e, assim, \u00e0s balizas e crit\u00e9rios dispostos pelo Plano S\u00e3o Paulo, assim de maneira que, como postulado, a autoriza\u00e7\u00e3o e a forma de funcionamento de estabelecimentos em quest\u00e3o observem o tempo e modo estabelecidos na legisla\u00e7\u00e3o estadual\u201d, afirmou o desembargador na liminar.<\/p><\/blockquote>\n<\/div>\n<div class=\"content-ads content-ads--reveal\" style=\"text-align: justify;\" data-block-type=\"ads\" data-block-id=\"9\"><\/div>\n<div class=\"mc-column content-text active-extra-styles\" style=\"text-align: justify;\" data-block-type=\"raw\" data-block-weight=\"16\" data-block-id=\"10\">\n<ul class=\"content-unordered-list\">\n<li><a href=\"https:\/\/g1.globo.com\/sp\/presidente-prudente-regiao\/noticia\/2021\/03\/24\/dracena-classifica-academias-clinicas-de-fisioterapia-e-oticas-como-servicos-essenciais-e-reduz-horario-de-lockdown.ghtml\">Dracena classifica academias, cl\u00ednicas de fisioterapia e \u00f3ticas como servi\u00e7os essenciais e reduz hor\u00e1rio de lockdown<\/a><\/li>\n<\/ul>\n<\/div>\n<div class=\"mc-column content-text active-extra-styles \" style=\"text-align: justify;\" data-block-type=\"unstyled\" data-block-weight=\"114\" data-block-id=\"11\">\n<p class=\"content-text__container \" data-track-category=\"Link no Texto\" data-track-links=\"\">&#8220;Corre, infelizmente, uma pandemia e, \u00e0 evid\u00eancia, medidas que flexibilizem a quarentena n\u00e3o se tomam do mesmo modo que se adotou a quarentena sem articula\u00e7\u00e3o entre as autoridades sanit\u00e1rias. N\u00e3o se trata portanto de cada Munic\u00edpio deliberar isoladamente como vai proceder em rela\u00e7\u00e3o ao distanciamento social, como se isto s\u00f3 a ele afetasse, como se as pessoas e o v\u00edrus n\u00e3o transitassem entre as cidades do Estado e do Pa\u00eds. Ou, quando menos consideradas as restri\u00e7\u00f5es de locomo\u00e7\u00e3o , como ainda se o atendimento m\u00e9dico-hospitalar de uma cidade, em per\u00edodo no qual ainda se noticia curva ascendente de epidemia, n\u00e3o se pudesse afetar por condi\u00e7\u00f5es circunvizinhas no \u00e2mbito da mesma unidade da Federa\u00e7\u00e3o&#8221;, enfatizou.<\/p>\n<\/div>\n<div class=\"mc-column content-text active-extra-styles\" style=\"text-align: justify;\" data-block-type=\"raw\" data-block-weight=\"2\" data-block-id=\"12\">\n<div class=\"content-intertitle\">\n<h2>Minist\u00e9rio P\u00fablico<\/h2>\n<\/div>\n<\/div>\n<div class=\"mc-column content-text active-extra-styles \" style=\"text-align: justify;\" data-block-type=\"unstyled\" data-block-weight=\"44\" data-block-id=\"13\">\n<p class=\"content-text__container \" data-track-category=\"Link no Texto\" data-track-links=\"\">O promotor de Justi\u00e7a Ant\u00f4nio Simini J\u00fanior, que atua em Dracena, informou \u00e0\u00a0<strong>TV Fronteira<\/strong>\u00a0que, assim que a Prefeitura for notificada da decis\u00e3o, dever\u00e1, imediatamente, cumpri-la, ou seja, seguir as determina\u00e7\u00f5es do decreto estadual, em que n\u00e3o \u00e9 permitida a abertura de academias.<\/p>\n<\/div>\n<div class=\"mc-column content-text active-extra-styles \" style=\"text-align: justify;\" data-block-type=\"unstyled\" data-block-weight=\"37\" data-block-id=\"14\">\n<p class=\"content-text__container \" data-track-category=\"Link no Texto\" data-track-links=\"\">Segundo o promotor, o toque de recolher ser\u00e1 a partir das 20h, os sal\u00f5es, espa\u00e7os de beleza e est\u00e9tica, barbearias e pod\u00f3logos dever\u00e3o ser fechados, al\u00e9m de ficar proibida a realiza\u00e7\u00e3o de missas e cultos religiosos.<\/p>\n<\/div>\n<div class=\"mc-column content-text active-extra-styles \" style=\"text-align: justify;\" data-block-type=\"unstyled\" data-block-weight=\"16\" data-block-id=\"15\">\n<p class=\"content-text__container \" data-track-category=\"Link no Texto\" data-track-links=\"\">&#8220;Isso quer dizer que, nesses pontos, o decreto municipal n\u00e3o tem validade alguma&#8221;, ressaltou o promotor.<\/p>\n<\/div>\n<div class=\"mc-column content-text active-extra-styles\" style=\"text-align: justify;\" data-block-type=\"raw\" data-block-weight=\"1\" data-block-id=\"16\">\n<div class=\"content-intertitle\">\n<h2>Prefeitura<\/h2>\n<\/div>\n<\/div>\n<div class=\"mc-column content-text active-extra-styles \" style=\"text-align: justify;\" data-block-type=\"unstyled\" data-block-weight=\"23\" data-block-id=\"17\">\n<p class=\"content-text__container \" data-track-category=\"Link no Texto\" data-track-links=\"\">Em nota \u00e0\u00a0<strong>TV Fronteira<\/strong>, a Prefeitura de Dracena informou que recebeu a decis\u00e3o proferida pelo Tribunal de Justi\u00e7a e cumprir\u00e1 a determina\u00e7\u00e3o.<\/p>\n<\/div>\n<div class=\"mc-column content-text active-extra-styles \" data-block-type=\"unstyled\" data-block-weight=\"36\" data-block-id=\"18\">\n<p class=\"content-text__container \" style=\"text-align: justify;\" data-track-category=\"Link no Texto\" data-track-links=\"\">&#8220;A administra\u00e7\u00e3o municipal recebeu a decis\u00e3o proferida pelo Tribunal de Justi\u00e7a nesta tarde de hoje, 30, e o jur\u00eddico da municipalidade ir\u00e1 analisar a quest\u00e3o, por\u00e9m ressalta que cumprir\u00e1 tal imposi\u00e7\u00e3o judicial&#8221;, informou o Poder Executivo.<\/p>\n<p style=\"text-align: justify;\" data-track-category=\"Link no Texto\" data-track-links=\"\">Fonte: G1<\/p>\n<\/div>\n<\/div>\n","protected":false},"excerpt":{"rendered":"<p>Desembargador Claudio Luiz Bueno de Godoy impediu a flexibiliza\u00e7\u00e3o de atividades econ\u00f4micas no munic\u00edpio como permitia um decreto publicado pela Prefeitura. O desembargador Claudio Luiz Bueno de Godoy, do \u00d3rg\u00e3o Especial do Tribunal de Justi\u00e7a do Estado de S\u00e3o Paulo (TJ-SP), impediu a flexibiliza\u00e7\u00e3o do funcionamento de atividades econ\u00f4micas que era liberada a partir de [&hellip;]<\/p>\n","protected":false},"author":1,"featured_media":45504,"comment_status":"closed","ping_status":"open","sticky":false,"template":"","format":"standard","meta":{"footnotes":""},"categories":[120,110],"tags":[],"class_list":["post-45503","post","type-post","status-publish","format-standard","has-post-thumbnail","hentry","category-justicahabitacaotecnologia","category-noticiasdestaque"],"_links":{"self":[{"href":"https:\/\/jorgezanoni.com.br\/2019\/wp-json\/wp\/v2\/posts\/45503","targetHints":{"allow":["GET"]}}],"collection":[{"href":"https:\/\/jorgezanoni.com.br\/2019\/wp-json\/wp\/v2\/posts"}],"about":[{"href":"https:\/\/jorgezanoni.com.br\/2019\/wp-json\/wp\/v2\/types\/post"}],"author":[{"embeddable":true,"href":"https:\/\/jorgezanoni.com.br\/2019\/wp-json\/wp\/v2\/users\/1"}],"replies":[{"embeddable":true,"href":"https:\/\/jorgezanoni.com.br\/2019\/wp-json\/wp\/v2\/comments?post=45503"}],"version-history":[{"count":0,"href":"https:\/\/jorgezanoni.com.br\/2019\/wp-json\/wp\/v2\/posts\/45503\/revisions"}],"wp:featuredmedia":[{"embeddable":true,"href":"https:\/\/jorgezanoni.com.br\/2019\/wp-json\/wp\/v2\/media\/45504"}],"wp:attachment":[{"href":"https:\/\/jorgezanoni.com.br\/2019\/wp-json\/wp\/v2\/media?parent=45503"}],"wp:term":[{"taxonomy":"category","embeddable":true,"href":"https:\/\/jorgezanoni.com.br\/2019\/wp-json\/wp\/v2\/categories?post=45503"},{"taxonomy":"post_tag","embeddable":true,"href":"https:\/\/jorgezanoni.com.br\/2019\/wp-json\/wp\/v2\/tags?post=45503"}],"curies":[{"name":"wp","href":"https:\/\/api.w.org\/{rel}","templated":true}]}}