{"id":45485,"date":"2021-03-30T15:56:36","date_gmt":"2021-03-30T15:56:36","guid":{"rendered":"https:\/\/jorgezanoni.com.br\/2019\/?p=45485"},"modified":"2021-03-30T15:58:07","modified_gmt":"2021-03-30T15:58:07","slug":"45485","status":"publish","type":"post","link":"https:\/\/jorgezanoni.com.br\/2019\/45485\/","title":{"rendered":"37\u00ba Batalh\u00e3o de Infantaria de Lins inicia desinfec\u00e7\u00e3o contra a COVID em Dracena"},"content":{"rendered":"<p style=\"text-align: justify;\">Os militares do 37\u00b0 Batalh\u00e3o de Infantaria Leve, localizado em Lins, chegaram na manh\u00e3 de hoje, 30, em Dracena, para fazer a desinfec\u00e7\u00e3o em locais de grande circula\u00e7\u00e3o de pessoas. A medida \u00e9 mais um meio de combate ao covid 19.<\/p>\n<p style=\"text-align: justify;\">O prefeito Andr\u00e9 Lemos e os secret\u00e1rios Rodrigo Parra (Governo) e Ana L\u00facia Costa (Agricultura) recepcionaram o tenente coronel F\u00e1bio Rodrigo De Assis, na sede do Tiro de Guerra. O sargento Stuchi, que comanda o TG 082, tamb\u00e9m recebeu as autoridades.<\/p>\n<p style=\"text-align: justify;\">A desinfec\u00e7\u00e3o j\u00e1 foi iniciada hoje cedo na Policl\u00ednica (Bairro S\u00e3o Francisco), no Centro Municipal de Atendimento \u00e0 Covid (CEMAC); \u00e0 tarde o servi\u00e7o acontecer\u00e1 no Centro Dracenense de Atendimento ao Cidad\u00e3o (CEDRAC); Secretaria Municipal de Educa\u00e7\u00e3o e na Santa Casa. \u00c0 noite, no distrito de Jamaica.<\/p>\n<p style=\"text-align: justify;\">Amanh\u00e3, 31, cedo ser\u00e3o feitas \u00e1rea central da cidade, sendo da Rua Santos Dumont, entre as Avenidas Presidente Vargas e Presidente Roosevelt at\u00e9 a Rua Marechal Deodoro da Fonseca. Tamb\u00e9m na Santa Casa e no Centro de Sa\u00fade Dr. Takashi Enokibara. \u00c0 tarde, na Unidade B\u00e1sica de Sa\u00fade Dr. Nelson Yurasseck Filho; Unidade B\u00e1sica de Sa\u00fade Albert Sabin e ESF Dr. J\u00falio Bragatto (Posto de Sa\u00fade Comunit\u00e1rio); \u00e0 noite no distrito de Jacipor\u00e3.<\/p>\n<p style=\"text-align: justify;\">Na quinta-feira, no per\u00edodo da manh\u00e3, Posto de Sa\u00fade Santa Clara; Terminal Rodovi\u00e1rio e Ambulat\u00f3rio M\u00e9dico de Especialidades (AME).<\/p>\n<p style=\"text-align: justify;\">O prefeito Andr\u00e9 Lemos agradeceu o Ex\u00e9rcito por atender ao pedido que havia solicitado. Ressaltou a import\u00e2ncia da institui\u00e7\u00e3o que \u00e9 representada na cidade pelo TG. Andr\u00e9 citou ainda a import\u00e2ncia dos poderes unidos no enfrentamento da pandemia.<\/p>\n<p style=\"text-align: justify;\">A administra\u00e7\u00e3o municipal, atrav\u00e9s da Secretaria de Agricultura, Meio Ambiente e Limpeza P\u00fablica, apoia os militares vindos de Lins.<\/p>\n<p style=\"text-align: justify;\">\n<p style=\"text-align: justify;\"><strong>EX\u00c9RCITO<\/strong>: <strong>OPERA\u00c7\u00c3O COVID<\/strong><\/p>\n<p style=\"text-align: justify;\">O tenente coronel De Assis informou que o Ex\u00e9rcito est\u00e1 desenvolvendo a Opera\u00e7\u00e3o Covid, coordenada pelo Minist\u00e9rio da Defesa desde o mar\u00e7o do ano que passou quando iniciou a pandemia.<\/p>\n<p style=\"text-align: justify;\">O batalh\u00e3o de Lins integra o comando Sudeste e j\u00e1 realizou diversas a\u00e7\u00f5es de sanitiza\u00e7\u00e3o em cidades das regi\u00f5es Oeste e Noroeste.<\/p>\n<p style=\"text-align: justify;\">Os produtos utilizados segundo De Assis s\u00e3o solu\u00e7\u00e3o de cloro, hipoclorito de s\u00f3dio, \u00e1gua, sab\u00e3o e \u00e1lcool 70%. \u201cAplicamos cada subst\u00e2ncia dependendo dos tipos de superf\u00edcies encontradas. Os militares usam equipamentos de prote\u00e7\u00e3o individual e sempre observando o local para que n\u00e3o ocorra nenhum risco a sa\u00fade\u201d, informou o tenente coronel, respons\u00e1vel por 282 cidades.<\/p>\n<p style=\"text-align: justify;\"><img loading=\"lazy\" decoding=\"async\" class=\"alignnone size-full wp-image-45488\" src=\"https:\/\/jorgezanoni.com.br\/2019\/wp-content\/uploads\/2021\/03\/tg2.jpg\" alt=\"\" width=\"700\" height=\"393\" srcset=\"https:\/\/jorgezanoni.com.br\/2019\/wp-content\/uploads\/2021\/03\/tg2.jpg 700w, https:\/\/jorgezanoni.com.br\/2019\/wp-content\/uploads\/2021\/03\/tg2-300x168.jpg 300w, https:\/\/jorgezanoni.com.br\/2019\/wp-content\/uploads\/2021\/03\/tg2-696x391.jpg 696w\" sizes=\"auto, (max-width: 700px) 100vw, 700px\" \/><img loading=\"lazy\" decoding=\"async\" class=\"alignnone size-full wp-image-45486\" src=\"https:\/\/jorgezanoni.com.br\/2019\/wp-content\/uploads\/2021\/03\/tg.jpg\" alt=\"\" width=\"700\" height=\"393\" srcset=\"https:\/\/jorgezanoni.com.br\/2019\/wp-content\/uploads\/2021\/03\/tg.jpg 700w, https:\/\/jorgezanoni.com.br\/2019\/wp-content\/uploads\/2021\/03\/tg-300x168.jpg 300w, https:\/\/jorgezanoni.com.br\/2019\/wp-content\/uploads\/2021\/03\/tg-696x391.jpg 696w\" sizes=\"auto, (max-width: 700px) 100vw, 700px\" \/>Fonte\/Fotos: Diretoria de Comunica\u00e7\u00e3o<\/p>\n<p style=\"text-align: justify;\">\n","protected":false},"excerpt":{"rendered":"<p>Os militares do 37\u00b0 Batalh\u00e3o de Infantaria Leve, localizado em Lins, chegaram na manh\u00e3 de hoje, 30, em Dracena, para fazer a desinfec\u00e7\u00e3o em locais de grande circula\u00e7\u00e3o de pessoas. A medida \u00e9 mais um meio de combate ao covid 19. O prefeito Andr\u00e9 Lemos e os secret\u00e1rios Rodrigo Parra (Governo) e Ana L\u00facia Costa [&hellip;]<\/p>\n","protected":false},"author":1,"featured_media":45487,"comment_status":"closed","ping_status":"open","sticky":false,"template":"","format":"standard","meta":{"footnotes":""},"categories":[179,184,110],"tags":[],"class_list":["post-45485","post","type-post","status-publish","format-standard","has-post-thumbnail","hentry","category-cidadeseregiao","category-dracena","category-noticiasdestaque"],"_links":{"self":[{"href":"https:\/\/jorgezanoni.com.br\/2019\/wp-json\/wp\/v2\/posts\/45485","targetHints":{"allow":["GET"]}}],"collection":[{"href":"https:\/\/jorgezanoni.com.br\/2019\/wp-json\/wp\/v2\/posts"}],"about":[{"href":"https:\/\/jorgezanoni.com.br\/2019\/wp-json\/wp\/v2\/types\/post"}],"author":[{"embeddable":true,"href":"https:\/\/jorgezanoni.com.br\/2019\/wp-json\/wp\/v2\/users\/1"}],"replies":[{"embeddable":true,"href":"https:\/\/jorgezanoni.com.br\/2019\/wp-json\/wp\/v2\/comments?post=45485"}],"version-history":[{"count":0,"href":"https:\/\/jorgezanoni.com.br\/2019\/wp-json\/wp\/v2\/posts\/45485\/revisions"}],"wp:featuredmedia":[{"embeddable":true,"href":"https:\/\/jorgezanoni.com.br\/2019\/wp-json\/wp\/v2\/media\/45487"}],"wp:attachment":[{"href":"https:\/\/jorgezanoni.com.br\/2019\/wp-json\/wp\/v2\/media?parent=45485"}],"wp:term":[{"taxonomy":"category","embeddable":true,"href":"https:\/\/jorgezanoni.com.br\/2019\/wp-json\/wp\/v2\/categories?post=45485"},{"taxonomy":"post_tag","embeddable":true,"href":"https:\/\/jorgezanoni.com.br\/2019\/wp-json\/wp\/v2\/tags?post=45485"}],"curies":[{"name":"wp","href":"https:\/\/api.w.org\/{rel}","templated":true}]}}