{"id":45482,"date":"2021-03-30T15:38:01","date_gmt":"2021-03-30T15:38:01","guid":{"rendered":"https:\/\/jorgezanoni.com.br\/2019\/?p=45482"},"modified":"2021-03-30T15:38:01","modified_gmt":"2021-03-30T15:38:01","slug":"quinta-feira-1o-de-abril-sera-ponto-facultativo-nas-reparticoes-municipais-de-dracena","status":"publish","type":"post","link":"https:\/\/jorgezanoni.com.br\/2019\/quinta-feira-1o-de-abril-sera-ponto-facultativo-nas-reparticoes-municipais-de-dracena\/","title":{"rendered":"Quinta-feira, 1\u00ba de abril, ser\u00e1 Ponto Facultativo nas reparti\u00e7\u00f5es municipais de Dracena"},"content":{"rendered":"<p style=\"text-align: justify;\">O prefeito Andr\u00e9 Lemos declarou hoje, 29, ponto facultativo nas reparti\u00e7\u00f5es p\u00fablicas municipais no dia 1\u00b0 de abril, quinta-feira Santa. As atividades essenciais e de interesse p\u00fablico ocorrer\u00e3o normalmente, como o atendimento no CEMAC, PAM e a coleta de lixo org\u00e2nico.<\/p>\n<p style=\"text-align: justify;\">A coleta do lixo org\u00e2nica e a reciclagem ser\u00e3o efetuadas nesta quinta-feira normalmente, na sexta-feira n\u00e3o haver\u00e1 expediente, em respeito ao dia santo e retoma a atividade no s\u00e1bado.<\/p>\n<p style=\"text-align: justify;\">Fonte: Diretoria de Comunica\u00e7\u00e3o<\/p>\n<p>&nbsp;<\/p>\n<p>&nbsp;<\/p>\n","protected":false},"excerpt":{"rendered":"<p>O prefeito Andr\u00e9 Lemos declarou hoje, 29, ponto facultativo nas reparti\u00e7\u00f5es p\u00fablicas municipais no dia 1\u00b0 de abril, quinta-feira Santa. As atividades essenciais e de interesse p\u00fablico ocorrer\u00e3o normalmente, como o atendimento no CEMAC, PAM e a coleta de lixo org\u00e2nico. A coleta do lixo org\u00e2nica e a reciclagem ser\u00e3o efetuadas nesta quinta-feira normalmente, na [&hellip;]<\/p>\n","protected":false},"author":1,"featured_media":45483,"comment_status":"closed","ping_status":"open","sticky":false,"template":"","format":"standard","meta":{"footnotes":""},"categories":[179,184,110],"tags":[],"class_list":["post-45482","post","type-post","status-publish","format-standard","has-post-thumbnail","hentry","category-cidadeseregiao","category-dracena","category-noticiasdestaque"],"_links":{"self":[{"href":"https:\/\/jorgezanoni.com.br\/2019\/wp-json\/wp\/v2\/posts\/45482","targetHints":{"allow":["GET"]}}],"collection":[{"href":"https:\/\/jorgezanoni.com.br\/2019\/wp-json\/wp\/v2\/posts"}],"about":[{"href":"https:\/\/jorgezanoni.com.br\/2019\/wp-json\/wp\/v2\/types\/post"}],"author":[{"embeddable":true,"href":"https:\/\/jorgezanoni.com.br\/2019\/wp-json\/wp\/v2\/users\/1"}],"replies":[{"embeddable":true,"href":"https:\/\/jorgezanoni.com.br\/2019\/wp-json\/wp\/v2\/comments?post=45482"}],"version-history":[{"count":0,"href":"https:\/\/jorgezanoni.com.br\/2019\/wp-json\/wp\/v2\/posts\/45482\/revisions"}],"wp:featuredmedia":[{"embeddable":true,"href":"https:\/\/jorgezanoni.com.br\/2019\/wp-json\/wp\/v2\/media\/45483"}],"wp:attachment":[{"href":"https:\/\/jorgezanoni.com.br\/2019\/wp-json\/wp\/v2\/media?parent=45482"}],"wp:term":[{"taxonomy":"category","embeddable":true,"href":"https:\/\/jorgezanoni.com.br\/2019\/wp-json\/wp\/v2\/categories?post=45482"},{"taxonomy":"post_tag","embeddable":true,"href":"https:\/\/jorgezanoni.com.br\/2019\/wp-json\/wp\/v2\/tags?post=45482"}],"curies":[{"name":"wp","href":"https:\/\/api.w.org\/{rel}","templated":true}]}}