{"id":45478,"date":"2021-03-30T15:21:53","date_gmt":"2021-03-30T15:21:53","guid":{"rendered":"https:\/\/jorgezanoni.com.br\/2019\/?p=45478"},"modified":"2021-03-30T15:22:33","modified_gmt":"2021-03-30T15:22:33","slug":"informacao-sobre-comercializacao-de-vacina-covid-19-em-farmacias-e-fake","status":"publish","type":"post","link":"https:\/\/jorgezanoni.com.br\/2019\/informacao-sobre-comercializacao-de-vacina-covid-19-em-farmacias-e-fake\/","title":{"rendered":"Informa\u00e7\u00e3o sobre comercializa\u00e7\u00e3o de Vacina COVID-19  em Farm\u00e1cias \u00e9 FAKE"},"content":{"rendered":"<p style=\"text-align: justify;\"><strong>VIGIL\u00c2NCIA EPIDEMIOL\u00d3GICA ALERTA PARA INFORMA\u00c7\u00c3O FALSA SOBRE COMERCIALIZA\u00c7\u00c3O DE VACINA CONTRA O COVID 19.<\/strong><br \/>\n\ud83d\udc47\ud83d\udc47\ud83d\udc47\ud83d\udc47\ud83d\udc47\ud83d\udc47\ud83d\udc47\ud83d\udc47\ud83d\udc47<br \/>\nA Vigil\u00e2ncia Epidemiol\u00f3gica de Dracena verificou ontem, 29, junto a Droga Raia na cidade informa\u00e7\u00e3o quanto \u00e0 comercializa\u00e7\u00e3o de vacina contra a covid 19. Segundo informa\u00e7\u00f5es obtidas, informa\u00e7\u00e3o que circula na rede social anunciando que a Droga Raia est\u00e1 promovendo agendamentos para vacina\u00e7\u00e3o particular contra a covid \u00e9 falsa.<br \/>\nAt\u00e9 o momento n\u00e3o h\u00e1 autoriza\u00e7\u00e3o para que seja comercializada de modo particular a vacina contra o novo coronav\u00edrus. \u00c9 muito importante que a popula\u00e7\u00e3o se informe sobre isso e n\u00e3o caia em golpes.<br \/>\nO TEXTO QUE CIRCULA DIZ O SEGUINTE: \ud83d\udc47\ud83e\udda0\ud83e\uddd0\u274c<br \/>\nNa DrogaRaia tem<br \/>\nPrezados clientes, \u00e9 com enorme satisfa\u00e7\u00e3o que anunciamos o in\u00edcio dos agendamentos para vacina\u00e7\u00e3o Particular contra a Covid-19.<br \/>\nSomente 20 vagas por dia! Agende agora seu hor\u00e1rio.<br \/>\nAgilidade e comodidade!<br \/>\nCoronaVac &#8211; R$ 225,00<br \/>\nPfizer &#8211; R$ 295,00<br \/>\nJensen (Dose \u00danica) &#8211; R$ 379,50<br \/>\nPara reserva e agendamento:<br \/>\n+55 18 998030512<br \/>\nFalar com o senhor William gerente do setor de vacinas da DrogaRaia.<br \/>\n\u274c\u274c\u274c<br \/>\nN\u00c3O \u00c9 VERDADE ESSA INFORMA\u00c7\u00c3O!<\/p>\n<p>Fonte: Diretoria de Comunica\u00e7\u00e3o da Prefeitura<\/p>\n","protected":false},"excerpt":{"rendered":"<p>VIGIL\u00c2NCIA EPIDEMIOL\u00d3GICA ALERTA PARA INFORMA\u00c7\u00c3O FALSA SOBRE COMERCIALIZA\u00c7\u00c3O DE VACINA CONTRA O COVID 19. \ud83d\udc47\ud83d\udc47\ud83d\udc47\ud83d\udc47\ud83d\udc47\ud83d\udc47\ud83d\udc47\ud83d\udc47\ud83d\udc47 A Vigil\u00e2ncia Epidemiol\u00f3gica de Dracena verificou ontem, 29, junto a Droga Raia na cidade informa\u00e7\u00e3o quanto \u00e0 comercializa\u00e7\u00e3o de vacina contra a covid 19. Segundo informa\u00e7\u00f5es obtidas, informa\u00e7\u00e3o que circula na rede social anunciando que a Droga Raia est\u00e1 promovendo [&hellip;]<\/p>\n","protected":false},"author":1,"featured_media":45479,"comment_status":"closed","ping_status":"open","sticky":false,"template":"","format":"standard","meta":{"footnotes":""},"categories":[179,184,110],"tags":[],"class_list":["post-45478","post","type-post","status-publish","format-standard","has-post-thumbnail","hentry","category-cidadeseregiao","category-dracena","category-noticiasdestaque"],"_links":{"self":[{"href":"https:\/\/jorgezanoni.com.br\/2019\/wp-json\/wp\/v2\/posts\/45478","targetHints":{"allow":["GET"]}}],"collection":[{"href":"https:\/\/jorgezanoni.com.br\/2019\/wp-json\/wp\/v2\/posts"}],"about":[{"href":"https:\/\/jorgezanoni.com.br\/2019\/wp-json\/wp\/v2\/types\/post"}],"author":[{"embeddable":true,"href":"https:\/\/jorgezanoni.com.br\/2019\/wp-json\/wp\/v2\/users\/1"}],"replies":[{"embeddable":true,"href":"https:\/\/jorgezanoni.com.br\/2019\/wp-json\/wp\/v2\/comments?post=45478"}],"version-history":[{"count":0,"href":"https:\/\/jorgezanoni.com.br\/2019\/wp-json\/wp\/v2\/posts\/45478\/revisions"}],"wp:featuredmedia":[{"embeddable":true,"href":"https:\/\/jorgezanoni.com.br\/2019\/wp-json\/wp\/v2\/media\/45479"}],"wp:attachment":[{"href":"https:\/\/jorgezanoni.com.br\/2019\/wp-json\/wp\/v2\/media?parent=45478"}],"wp:term":[{"taxonomy":"category","embeddable":true,"href":"https:\/\/jorgezanoni.com.br\/2019\/wp-json\/wp\/v2\/categories?post=45478"},{"taxonomy":"post_tag","embeddable":true,"href":"https:\/\/jorgezanoni.com.br\/2019\/wp-json\/wp\/v2\/tags?post=45478"}],"curies":[{"name":"wp","href":"https:\/\/api.w.org\/{rel}","templated":true}]}}