{"id":45474,"date":"2021-03-30T14:16:13","date_gmt":"2021-03-30T14:16:13","guid":{"rendered":"https:\/\/jorgezanoni.com.br\/2019\/?p=45474"},"modified":"2021-03-30T14:16:13","modified_gmt":"2021-03-30T14:16:13","slug":"jornal-regional-comunica-encerramento-de-atividades-em-dracena-e-regiao","status":"publish","type":"post","link":"https:\/\/jorgezanoni.com.br\/2019\/jornal-regional-comunica-encerramento-de-atividades-em-dracena-e-regiao\/","title":{"rendered":"Jornal Regional comunica encerramento de atividades em Dracena e regi\u00e3o"},"content":{"rendered":"<p style=\"text-align: justify;\"><strong>Ap\u00f3s 32 anos de atividades, o Jornal Regional deixa de circular. Sua \u00faltima edi\u00e7\u00e3o ser\u00e1 amanh\u00e3 (31).<\/strong><\/p>\n<p><img loading=\"lazy\" decoding=\"async\" class=\"alignnone size-full wp-image-45475\" src=\"https:\/\/jorgezanoni.com.br\/2019\/wp-content\/uploads\/2021\/03\/Regional.jpg\" alt=\"\" width=\"781\" height=\"466\" srcset=\"https:\/\/jorgezanoni.com.br\/2019\/wp-content\/uploads\/2021\/03\/Regional.jpg 781w, https:\/\/jorgezanoni.com.br\/2019\/wp-content\/uploads\/2021\/03\/Regional-300x179.jpg 300w, https:\/\/jorgezanoni.com.br\/2019\/wp-content\/uploads\/2021\/03\/Regional-768x458.jpg 768w, https:\/\/jorgezanoni.com.br\/2019\/wp-content\/uploads\/2021\/03\/Regional-696x415.jpg 696w, https:\/\/jorgezanoni.com.br\/2019\/wp-content\/uploads\/2021\/03\/Regional-704x420.jpg 704w\" sizes=\"auto, (max-width: 781px) 100vw, 781px\" \/><\/p>\n","protected":false},"excerpt":{"rendered":"<p>Ap\u00f3s 32 anos de atividades, o Jornal Regional deixa de circular. Sua \u00faltima edi\u00e7\u00e3o ser\u00e1 amanh\u00e3 (31).<\/p>\n","protected":false},"author":1,"featured_media":45476,"comment_status":"closed","ping_status":"open","sticky":false,"template":"","format":"standard","meta":{"footnotes":""},"categories":[179,184,110],"tags":[],"class_list":["post-45474","post","type-post","status-publish","format-standard","has-post-thumbnail","hentry","category-cidadeseregiao","category-dracena","category-noticiasdestaque"],"_links":{"self":[{"href":"https:\/\/jorgezanoni.com.br\/2019\/wp-json\/wp\/v2\/posts\/45474","targetHints":{"allow":["GET"]}}],"collection":[{"href":"https:\/\/jorgezanoni.com.br\/2019\/wp-json\/wp\/v2\/posts"}],"about":[{"href":"https:\/\/jorgezanoni.com.br\/2019\/wp-json\/wp\/v2\/types\/post"}],"author":[{"embeddable":true,"href":"https:\/\/jorgezanoni.com.br\/2019\/wp-json\/wp\/v2\/users\/1"}],"replies":[{"embeddable":true,"href":"https:\/\/jorgezanoni.com.br\/2019\/wp-json\/wp\/v2\/comments?post=45474"}],"version-history":[{"count":0,"href":"https:\/\/jorgezanoni.com.br\/2019\/wp-json\/wp\/v2\/posts\/45474\/revisions"}],"wp:featuredmedia":[{"embeddable":true,"href":"https:\/\/jorgezanoni.com.br\/2019\/wp-json\/wp\/v2\/media\/45476"}],"wp:attachment":[{"href":"https:\/\/jorgezanoni.com.br\/2019\/wp-json\/wp\/v2\/media?parent=45474"}],"wp:term":[{"taxonomy":"category","embeddable":true,"href":"https:\/\/jorgezanoni.com.br\/2019\/wp-json\/wp\/v2\/categories?post=45474"},{"taxonomy":"post_tag","embeddable":true,"href":"https:\/\/jorgezanoni.com.br\/2019\/wp-json\/wp\/v2\/tags?post=45474"}],"curies":[{"name":"wp","href":"https:\/\/api.w.org\/{rel}","templated":true}]}}