{"id":45440,"date":"2021-03-29T22:22:11","date_gmt":"2021-03-29T22:22:11","guid":{"rendered":"https:\/\/jorgezanoni.com.br\/2019\/?p=45440"},"modified":"2021-03-29T22:22:29","modified_gmt":"2021-03-29T22:22:29","slug":"boletim-atualizado-da-covid-19-da-secretaria-municipal-de-saude-de-dracena-29-03-21","status":"publish","type":"post","link":"https:\/\/jorgezanoni.com.br\/2019\/boletim-atualizado-da-covid-19-da-secretaria-municipal-de-saude-de-dracena-29-03-21\/","title":{"rendered":"Boletim atualizado da COVID-19 da Secretaria Municipal de Sa\u00fade de Dracena 29\/03\/21"},"content":{"rendered":"<div class=\"kvgmc6g5 cxmmr5t8 oygrvhab hcukyx3x c1et5uql ii04i59q\">\n<div dir=\"auto\" style=\"text-align: justify;\">BOLETIM EPIDEMIOL\u00d3GICO COVID<\/div>\n<div dir=\"auto\" style=\"text-align: justify;\">Segunda-feira (29\/03)<\/div>\n<\/div>\n<div class=\"o9v6fnle cxmmr5t8 oygrvhab hcukyx3x c1et5uql ii04i59q\" style=\"text-align: justify;\">\n<div dir=\"auto\">Suspeitos: 20<\/div>\n<div dir=\"auto\">Suspeitos Domiciliar: 20<\/div>\n<div dir=\"auto\">Suspeito Hospitalar: 0<\/div>\n<div dir=\"auto\">Confirmados: 3.933<\/div>\n<div dir=\"auto\">Curados: 3.625<\/div>\n<div dir=\"auto\">Isolamento domiciliar: 120<\/div>\n<div dir=\"auto\">Tratamento Hospitalar: 31<\/div>\n<div dir=\"auto\">\u00d3bitos: 157<\/div>\n<div dir=\"auto\"><\/div>\n<\/div>\n<div class=\"o9v6fnle cxmmr5t8 oygrvhab hcukyx3x c1et5uql ii04i59q\">\n<div dir=\"auto\" style=\"text-align: justify;\">ALERTA<\/div>\n<div dir=\"auto\" style=\"text-align: justify;\">De sexta-feira que passou para hoje foram confirmados 32 novos casos de covid.<\/div>\n<div dir=\"auto\" style=\"text-align: justify;\">No mesmo per\u00edodo, o n\u00famero de curados \u00e9 de 77 pacientes.<\/div>\n<div dir=\"auto\"><\/div>\n<\/div>\n<div dir=\"auto\">Fonte: https:\/\/www.facebook.com\/prefeituradracena<\/div>\n","protected":false},"excerpt":{"rendered":"<p>BOLETIM EPIDEMIOL\u00d3GICO COVID Segunda-feira (29\/03) Suspeitos: 20 Suspeitos Domiciliar: 20 Suspeito Hospitalar: 0 Confirmados: 3.933 Curados: 3.625 Isolamento domiciliar: 120 Tratamento Hospitalar: 31 \u00d3bitos: 157 ALERTA De sexta-feira que passou para hoje foram confirmados 32 novos casos de covid. No mesmo per\u00edodo, o n\u00famero de curados \u00e9 de 77 pacientes. Fonte: https:\/\/www.facebook.com\/prefeituradracena<\/p>\n","protected":false},"author":1,"featured_media":45441,"comment_status":"closed","ping_status":"open","sticky":false,"template":"","format":"standard","meta":{"footnotes":""},"categories":[179,184,110],"tags":[],"class_list":["post-45440","post","type-post","status-publish","format-standard","has-post-thumbnail","hentry","category-cidadeseregiao","category-dracena","category-noticiasdestaque"],"_links":{"self":[{"href":"https:\/\/jorgezanoni.com.br\/2019\/wp-json\/wp\/v2\/posts\/45440","targetHints":{"allow":["GET"]}}],"collection":[{"href":"https:\/\/jorgezanoni.com.br\/2019\/wp-json\/wp\/v2\/posts"}],"about":[{"href":"https:\/\/jorgezanoni.com.br\/2019\/wp-json\/wp\/v2\/types\/post"}],"author":[{"embeddable":true,"href":"https:\/\/jorgezanoni.com.br\/2019\/wp-json\/wp\/v2\/users\/1"}],"replies":[{"embeddable":true,"href":"https:\/\/jorgezanoni.com.br\/2019\/wp-json\/wp\/v2\/comments?post=45440"}],"version-history":[{"count":0,"href":"https:\/\/jorgezanoni.com.br\/2019\/wp-json\/wp\/v2\/posts\/45440\/revisions"}],"wp:featuredmedia":[{"embeddable":true,"href":"https:\/\/jorgezanoni.com.br\/2019\/wp-json\/wp\/v2\/media\/45441"}],"wp:attachment":[{"href":"https:\/\/jorgezanoni.com.br\/2019\/wp-json\/wp\/v2\/media?parent=45440"}],"wp:term":[{"taxonomy":"category","embeddable":true,"href":"https:\/\/jorgezanoni.com.br\/2019\/wp-json\/wp\/v2\/categories?post=45440"},{"taxonomy":"post_tag","embeddable":true,"href":"https:\/\/jorgezanoni.com.br\/2019\/wp-json\/wp\/v2\/tags?post=45440"}],"curies":[{"name":"wp","href":"https:\/\/api.w.org\/{rel}","templated":true}]}}