{"id":45436,"date":"2021-03-29T15:15:10","date_gmt":"2021-03-29T15:15:10","guid":{"rendered":"https:\/\/jorgezanoni.com.br\/2019\/?p=45436"},"modified":"2021-03-29T15:15:10","modified_gmt":"2021-03-29T15:15:10","slug":"morre-lucimar-cristina-caetano-funcionaria-do-supermercado-milena","status":"publish","type":"post","link":"https:\/\/jorgezanoni.com.br\/2019\/morre-lucimar-cristina-caetano-funcionaria-do-supermercado-milena\/","title":{"rendered":"Morre Lucimar Cristina Caetano funcion\u00e1ria do Supermercado Milena"},"content":{"rendered":"<p style=\"text-align: justify;\">Comunicamos com pesar o falecimento de Lucimar Cristina Caetano de 51. Ela estava em tratamento de Covid, n\u00e3o resistiu e veio a \u00f3bito.<\/p>\n<p style=\"text-align: justify;\">Era funcion\u00e1ria do Supermercado Milena que prestou uma homenagem em suas redes sociais.<\/p>\n<div dir=\"auto\" style=\"text-align: justify;\">&#8220;Lucimar Cristina Caetano hoje o dia amanheceu cheio de l\u00e1grima mas tamb\u00e9m de muitas lembran\u00e7as boas dessa hist\u00f3ria que voc\u00ea escreveu conosco nestes longos anos de colaboradora&#8221;!!!<\/div>\n<div dir=\"auto\" style=\"text-align: justify;\">QUE DEUS A RECEBA DE BRA\u00c7OS ABERTOS!!!<\/div>\n<div dir=\"auto\"><\/div>\n<div dir=\"auto\"><img loading=\"lazy\" decoding=\"async\" class=\"alignnone size-full wp-image-45437\" src=\"https:\/\/jorgezanoni.com.br\/2019\/wp-content\/uploads\/2021\/03\/Lucimar.jpg\" alt=\"\" width=\"526\" height=\"526\" srcset=\"https:\/\/jorgezanoni.com.br\/2019\/wp-content\/uploads\/2021\/03\/Lucimar.jpg 526w, https:\/\/jorgezanoni.com.br\/2019\/wp-content\/uploads\/2021\/03\/Lucimar-300x300.jpg 300w, https:\/\/jorgezanoni.com.br\/2019\/wp-content\/uploads\/2021\/03\/Lucimar-150x150.jpg 150w, https:\/\/jorgezanoni.com.br\/2019\/wp-content\/uploads\/2021\/03\/Lucimar-420x420.jpg 420w\" sizes=\"auto, (max-width: 526px) 100vw, 526px\" \/><\/div>\n","protected":false},"excerpt":{"rendered":"<p>Comunicamos com pesar o falecimento de Lucimar Cristina Caetano de 51. Ela estava em tratamento de Covid, n\u00e3o resistiu e veio a \u00f3bito. Era funcion\u00e1ria do Supermercado Milena que prestou uma homenagem em suas redes sociais. &#8220;Lucimar Cristina Caetano hoje o dia amanheceu cheio de l\u00e1grima mas tamb\u00e9m de muitas lembran\u00e7as boas dessa hist\u00f3ria que [&hellip;]<\/p>\n","protected":false},"author":1,"featured_media":45438,"comment_status":"closed","ping_status":"open","sticky":false,"template":"","format":"standard","meta":{"footnotes":""},"categories":[178,110],"tags":[],"class_list":["post-45436","post","type-post","status-publish","format-standard","has-post-thumbnail","hentry","category-notadefalecimento","category-noticiasdestaque"],"_links":{"self":[{"href":"https:\/\/jorgezanoni.com.br\/2019\/wp-json\/wp\/v2\/posts\/45436","targetHints":{"allow":["GET"]}}],"collection":[{"href":"https:\/\/jorgezanoni.com.br\/2019\/wp-json\/wp\/v2\/posts"}],"about":[{"href":"https:\/\/jorgezanoni.com.br\/2019\/wp-json\/wp\/v2\/types\/post"}],"author":[{"embeddable":true,"href":"https:\/\/jorgezanoni.com.br\/2019\/wp-json\/wp\/v2\/users\/1"}],"replies":[{"embeddable":true,"href":"https:\/\/jorgezanoni.com.br\/2019\/wp-json\/wp\/v2\/comments?post=45436"}],"version-history":[{"count":0,"href":"https:\/\/jorgezanoni.com.br\/2019\/wp-json\/wp\/v2\/posts\/45436\/revisions"}],"wp:featuredmedia":[{"embeddable":true,"href":"https:\/\/jorgezanoni.com.br\/2019\/wp-json\/wp\/v2\/media\/45438"}],"wp:attachment":[{"href":"https:\/\/jorgezanoni.com.br\/2019\/wp-json\/wp\/v2\/media?parent=45436"}],"wp:term":[{"taxonomy":"category","embeddable":true,"href":"https:\/\/jorgezanoni.com.br\/2019\/wp-json\/wp\/v2\/categories?post=45436"},{"taxonomy":"post_tag","embeddable":true,"href":"https:\/\/jorgezanoni.com.br\/2019\/wp-json\/wp\/v2\/tags?post=45436"}],"curies":[{"name":"wp","href":"https:\/\/api.w.org\/{rel}","templated":true}]}}