{"id":45432,"date":"2021-03-29T13:46:53","date_gmt":"2021-03-29T13:46:53","guid":{"rendered":"https:\/\/jorgezanoni.com.br\/2019\/?p=45432"},"modified":"2021-03-29T13:46:53","modified_gmt":"2021-03-29T13:46:53","slug":"moradores-do-parque-dracena-reclamam-de-ruas-escuras-no-bairro","status":"publish","type":"post","link":"https:\/\/jorgezanoni.com.br\/2019\/moradores-do-parque-dracena-reclamam-de-ruas-escuras-no-bairro\/","title":{"rendered":"Moradores do Parque Dracena reclamam de ruas escuras no Bairro"},"content":{"rendered":"<p style=\"text-align: justify;\">Moradores do Parque Dracena enviam imagens para a reda\u00e7\u00e3o do Site JZ, informando que existem Ruas do Bairro que se encontram \u00e0s escuras.<\/p>\n<p style=\"text-align: justify;\">Pedem que o setor competente passe pelo local e resolva a situa\u00e7\u00e3o.<\/p>\n<p><img loading=\"lazy\" decoding=\"async\" class=\"alignnone size-full wp-image-45433\" src=\"https:\/\/jorgezanoni.com.br\/2019\/wp-content\/uploads\/2021\/03\/luz.jpg\" alt=\"\" width=\"774\" height=\"1032\" srcset=\"https:\/\/jorgezanoni.com.br\/2019\/wp-content\/uploads\/2021\/03\/luz.jpg 774w, https:\/\/jorgezanoni.com.br\/2019\/wp-content\/uploads\/2021\/03\/luz-225x300.jpg 225w, https:\/\/jorgezanoni.com.br\/2019\/wp-content\/uploads\/2021\/03\/luz-768x1024.jpg 768w, https:\/\/jorgezanoni.com.br\/2019\/wp-content\/uploads\/2021\/03\/luz-696x928.jpg 696w, https:\/\/jorgezanoni.com.br\/2019\/wp-content\/uploads\/2021\/03\/luz-315x420.jpg 315w\" sizes=\"auto, (max-width: 774px) 100vw, 774px\" \/><\/p>\n<p>Jorge Zanoni<\/p>\n<p>Foto de Internauta.<\/p>\n<p>&nbsp;<\/p>\n","protected":false},"excerpt":{"rendered":"<p>Moradores do Parque Dracena enviam imagens para a reda\u00e7\u00e3o do Site JZ, informando que existem Ruas do Bairro que se encontram \u00e0s escuras. Pedem que o setor competente passe pelo local e resolva a situa\u00e7\u00e3o. Jorge Zanoni Foto de Internauta. &nbsp;<\/p>\n","protected":false},"author":1,"featured_media":45434,"comment_status":"closed","ping_status":"open","sticky":false,"template":"","format":"standard","meta":{"footnotes":""},"categories":[179,184,110],"tags":[],"class_list":["post-45432","post","type-post","status-publish","format-standard","has-post-thumbnail","hentry","category-cidadeseregiao","category-dracena","category-noticiasdestaque"],"_links":{"self":[{"href":"https:\/\/jorgezanoni.com.br\/2019\/wp-json\/wp\/v2\/posts\/45432","targetHints":{"allow":["GET"]}}],"collection":[{"href":"https:\/\/jorgezanoni.com.br\/2019\/wp-json\/wp\/v2\/posts"}],"about":[{"href":"https:\/\/jorgezanoni.com.br\/2019\/wp-json\/wp\/v2\/types\/post"}],"author":[{"embeddable":true,"href":"https:\/\/jorgezanoni.com.br\/2019\/wp-json\/wp\/v2\/users\/1"}],"replies":[{"embeddable":true,"href":"https:\/\/jorgezanoni.com.br\/2019\/wp-json\/wp\/v2\/comments?post=45432"}],"version-history":[{"count":0,"href":"https:\/\/jorgezanoni.com.br\/2019\/wp-json\/wp\/v2\/posts\/45432\/revisions"}],"wp:featuredmedia":[{"embeddable":true,"href":"https:\/\/jorgezanoni.com.br\/2019\/wp-json\/wp\/v2\/media\/45434"}],"wp:attachment":[{"href":"https:\/\/jorgezanoni.com.br\/2019\/wp-json\/wp\/v2\/media?parent=45432"}],"wp:term":[{"taxonomy":"category","embeddable":true,"href":"https:\/\/jorgezanoni.com.br\/2019\/wp-json\/wp\/v2\/categories?post=45432"},{"taxonomy":"post_tag","embeddable":true,"href":"https:\/\/jorgezanoni.com.br\/2019\/wp-json\/wp\/v2\/tags?post=45432"}],"curies":[{"name":"wp","href":"https:\/\/api.w.org\/{rel}","templated":true}]}}