{"id":45387,"date":"2021-03-28T19:06:43","date_gmt":"2021-03-28T19:06:43","guid":{"rendered":"https:\/\/jorgezanoni.com.br\/2019\/?p=45387"},"modified":"2021-03-28T19:06:43","modified_gmt":"2021-03-28T19:06:43","slug":"acidente-deixa-tres-adultos-e-uma-crianca-mortos-incendeia-praca-de-pedagio-e-interdita-a-br-050-em-campo-alegre-de-goias","status":"publish","type":"post","link":"https:\/\/jorgezanoni.com.br\/2019\/acidente-deixa-tres-adultos-e-uma-crianca-mortos-incendeia-praca-de-pedagio-e-interdita-a-br-050-em-campo-alegre-de-goias\/","title":{"rendered":"Acidente deixa tr\u00eas adultos e uma crian\u00e7a mortos, incendeia pra\u00e7a de ped\u00e1gio e interdita a BR-050, em Campo Alegre de Goi\u00e1s"},"content":{"rendered":"<h2 class=\"content-head__subtitle\" style=\"text-align: justify;\"><strong>Segundo a PRF, oito funcion\u00e1rios da concession\u00e1ria que administra a rodovia tamb\u00e9m ficaram feridos e foram levados a hospitais. Os dois sentidos da pista est\u00e3o interditados na altura do km 226.<\/strong><\/h2>\n<div class=\"mc-column content-text active-extra-styles \" style=\"text-align: justify;\" data-block-type=\"unstyled\" data-block-weight=\"66\" data-block-id=\"2\">\n<p class=\"content-text__container \" data-track-category=\"Link no Texto\" data-track-links=\"\">Tr\u00eas adultos e uma crian\u00e7a morreram em um acidente na manh\u00e3 deste domingo (28), em uma pra\u00e7a de ped\u00e1gio na BR-050, em\u00a0<a href=\"https:\/\/g1.globo.com\/go\/goias\/cidade\/campo-alegre-de-goias\/\">Campo Alegre de Goi\u00e1s<\/a>, na regi\u00e3o sudeste do estado. Segundo a Pol\u00edcia Rodovi\u00e1ria Federal (PRF), a batida envolveu quatro ve\u00edculos e causou um inc\u00eandio. Oito funcion\u00e1rios da concession\u00e1ria que administra a rodovia tamb\u00e9m ficaram feridos e foram encaminhados a hospitais de\u00a0<a href=\"https:\/\/g1.globo.com\/go\/goias\/cidade\/catalao\/\">Catal\u00e3o<\/a>.<\/p>\n<\/div>\n<div class=\"wall protected-content\">\n<div class=\"mc-column content-text active-extra-styles \" style=\"text-align: justify;\" data-block-type=\"unstyled\" data-block-weight=\"69\" data-block-id=\"3\">\n<p class=\"content-text__container \" data-track-category=\"Link no Texto\" data-track-links=\"\">A PRF informou que, por volta das 10h, o condutor de um caminh\u00e3o-ba\u00fa carregado com desodorantes, que seguia no sentido Bras\u00edlia a Catal\u00e3o, perdeu o controle da dire\u00e7\u00e3o ao se aproximar da pra\u00e7a de ped\u00e1gio e colidiu contra a defensa met\u00e1lica. Em seguida, o caminh\u00e3o bateu ainda contra um carro de passeio que era ocupado por uma fam\u00edlia e outro ve\u00edculo com tr\u00eas pessoas, que n\u00e3o tiveram ferimentos.<\/p>\n<\/div>\n<div class=\"mc-column content-text active-extra-styles \" style=\"text-align: justify;\" data-block-type=\"unstyled\" data-block-weight=\"40\" data-block-id=\"4\">\n<p class=\"content-text__container \" data-track-category=\"Link no Texto\" data-track-links=\"\">Essas colis\u00f5es, conforme a PRF, provocaram um inc\u00eandio que atingiu a pra\u00e7a de ped\u00e1gio e um caminh\u00e3o graneleiro, que estava parado no local, mas o motorista conseguiu desembarcar antes que o inc\u00eandio atingisse a cabine e saiu ileso.<\/p>\n<\/div>\n<div class=\"mc-column content-text active-extra-styles \" style=\"text-align: justify;\" data-block-type=\"unstyled\" data-block-weight=\"31\" data-block-id=\"5\">\n<p class=\"content-text__container \" data-track-category=\"Link no Texto\" data-track-links=\"\">O\u00a0<strong>G1<\/strong> entrou em contato, na tarde deste domingo, com a Eco 050, concession\u00e1ria respons\u00e1vel por administrar a rodovia, solicitando informa\u00e7\u00f5es sobre os funcion\u00e1rios que ficaram feridos e aguarda retorno.<\/p>\n<\/div>\n<div class=\"row medium-uncollapsed content-media content-photo\" style=\"text-align: justify;\" data-block-type=\"backstage-photo\" data-block-id=\"7\">\n<div class=\"mc-column content-media__container\">\n<div class=\"content-media-container glb-skeleton-box\">\n<figure class=\"content-media-figure\"><img decoding=\"async\" class=\"i-amphtml-fill-content i-amphtml-replaced-content\" src=\"https:\/\/s2.glbimg.com\/0qAv07PhOYx41EV0WgAuOLapORE=\/0x0:1700x1065\/984x0\/smart\/filters:strip_icc()\/i.s3.glbimg.com\/v1\/AUTH_59edd422c0c84a879bd37670ae4f538a\/internal_photos\/bs\/2021\/n\/L\/f7YQgZR1ms9uAjBcOuBg\/acidente-explosao.jpg\" sizes=\"(max-width: 1366px) 648px, 100vw\" srcset=\"https:\/\/s2.glbimg.com\/jqBKn7KH4rShhjP-kKkKW5LrmhU=\/0x0:1700x1065\/1000x0\/smart\/filters:strip_icc()\/i.s3.glbimg.com\/v1\/AUTH_59edd422c0c84a879bd37670ae4f538a\/internal_photos\/bs\/2021\/n\/L\/f7YQgZR1ms9uAjBcOuBg\/acidente-explosao.jpg 1000w, https:\/\/s2.glbimg.com\/0qAv07PhOYx41EV0WgAuOLapORE=\/0x0:1700x1065\/984x0\/smart\/filters:strip_icc()\/i.s3.glbimg.com\/v1\/AUTH_59edd422c0c84a879bd37670ae4f538a\/internal_photos\/bs\/2021\/n\/L\/f7YQgZR1ms9uAjBcOuBg\/acidente-explosao.jpg 984w, https:\/\/s2.glbimg.com\/iA18revWTHS6AlsxkWmgAZrRbRg=\/0x0:1700x1065\/640x0\/smart\/filters:strip_icc()\/i.s3.glbimg.com\/v1\/AUTH_59edd422c0c84a879bd37670ae4f538a\/internal_photos\/bs\/2021\/n\/L\/f7YQgZR1ms9uAjBcOuBg\/acidente-explosao.jpg 640w, https:\/\/s2.glbimg.com\/tSmPR7-rwCRSrQcrplu2ZpRG7QI=\/0x0:1700x1065\/600x0\/smart\/filters:strip_icc()\/i.s3.glbimg.com\/v1\/AUTH_59edd422c0c84a879bd37670ae4f538a\/internal_photos\/bs\/2021\/n\/L\/f7YQgZR1ms9uAjBcOuBg\/acidente-explosao.jpg 600w\" alt=\"Acidente com carretas incendeia pra\u00e7a de ped\u00e1gio em Campo Alegre de Goi\u00e1s \u2014 Foto: Divulga\u00e7\u00e3o\/PRF\" \/><\/figure>\n<\/div>\n<p class=\"content-media__description \">Acidente com carretas incendeia pra\u00e7a de ped\u00e1gio em Campo Alegre de Goi\u00e1s \u2014 Foto: Divulga\u00e7\u00e3o\/PRF<\/p>\n<\/div>\n<\/div>\n<div class=\"mc-column content-text active-extra-styles \" style=\"text-align: justify;\" data-block-type=\"unstyled\" data-block-weight=\"47\" data-block-id=\"8\">\n<p class=\"content-text__container \" data-track-category=\"Link no Texto\" data-track-links=\"\">De acordo com o inspetor Newton Moraes, um casal e uma crian\u00e7a , que estavam em um ve\u00edculo de passeio, morreram carbonizados. J\u00e1 a terceira pessoa que morreu \u00e9 o motorista de um dos caminh\u00f5es, que tamb\u00e9m foi encontrado j\u00e1 sem vida na cabine do ve\u00edculo.<\/p>\n<\/div>\n<div class=\"row medium-uncollapsed content-media content-photo\" style=\"text-align: justify;\" data-block-type=\"backstage-photo\" data-block-id=\"9\">\n<div class=\"mc-column content-media__container\">\n<div class=\"content-media-container glb-skeleton-box\">\n<figure class=\"content-media-figure\"><img decoding=\"async\" class=\"i-amphtml-fill-content i-amphtml-replaced-content\" src=\"https:\/\/s2.glbimg.com\/WB1yVrjkMMINOMtChI0qjd3Jz_8=\/0x0:1700x1065\/984x0\/smart\/filters:strip_icc()\/i.s3.glbimg.com\/v1\/AUTH_59edd422c0c84a879bd37670ae4f538a\/internal_photos\/bs\/2021\/8\/b\/9zbS1WTFSld1gme4Z2Ow\/carro-queimado.jpg\" sizes=\"(max-width: 1366px) 648px, 100vw\" srcset=\"https:\/\/s2.glbimg.com\/efSz7jBq3m18N3BRSRmocUUCVcw=\/0x0:1700x1065\/1000x0\/smart\/filters:strip_icc()\/i.s3.glbimg.com\/v1\/AUTH_59edd422c0c84a879bd37670ae4f538a\/internal_photos\/bs\/2021\/8\/b\/9zbS1WTFSld1gme4Z2Ow\/carro-queimado.jpg 1000w, https:\/\/s2.glbimg.com\/WB1yVrjkMMINOMtChI0qjd3Jz_8=\/0x0:1700x1065\/984x0\/smart\/filters:strip_icc()\/i.s3.glbimg.com\/v1\/AUTH_59edd422c0c84a879bd37670ae4f538a\/internal_photos\/bs\/2021\/8\/b\/9zbS1WTFSld1gme4Z2Ow\/carro-queimado.jpg 984w, https:\/\/s2.glbimg.com\/q20P3LhT5l8MVfVGszrWck3PXs4=\/0x0:1700x1065\/640x0\/smart\/filters:strip_icc()\/i.s3.glbimg.com\/v1\/AUTH_59edd422c0c84a879bd37670ae4f538a\/internal_photos\/bs\/2021\/8\/b\/9zbS1WTFSld1gme4Z2Ow\/carro-queimado.jpg 640w, https:\/\/s2.glbimg.com\/gQQB0yZVpfOsCS_r6tELlNUBATw=\/0x0:1700x1065\/600x0\/smart\/filters:strip_icc()\/i.s3.glbimg.com\/v1\/AUTH_59edd422c0c84a879bd37670ae4f538a\/internal_photos\/bs\/2021\/8\/b\/9zbS1WTFSld1gme4Z2Ow\/carro-queimado.jpg 600w\" alt=\"Acidente com carretas incendeia pra\u00e7a de ped\u00e1gio e carro em Campo Alegre de Goi\u00e1s \u2014 Foto: Divulga\u00e7\u00e3o\/PRF\" \/><\/figure>\n<\/div>\n<p class=\"content-media__description \">Acidente com carretas incendeia pra\u00e7a de ped\u00e1gio e carro em Campo Alegre de Goi\u00e1s \u2014 Foto: Divulga\u00e7\u00e3o\/PRF<\/p>\n<\/div>\n<\/div>\n<div class=\"mc-column content-text active-extra-styles\" style=\"text-align: justify;\" data-block-type=\"raw\" data-block-weight=\"1\" data-block-id=\"10\">\n<div class=\"content-intertitle\">\n<h2>Interdi\u00e7\u00e3o<\/h2>\n<\/div>\n<\/div>\n<div class=\"mc-column content-text active-extra-styles \" style=\"text-align: justify;\" data-block-type=\"unstyled\" data-block-weight=\"49\" data-block-id=\"11\">\n<p class=\"content-text__container \" data-track-category=\"Link no Texto\" data-track-links=\"\">Imagens feitas pela corpora\u00e7\u00e3o mostram que o local ficou completamente destru\u00eddo. Segundo a PRF, os dois sentidos da rodovia est\u00e3o interditados na altura do km 226. Um desvio foi feito pelos policiais em uma estrada de terra para os motoristas que seguem sentido Cristalina a Campo Alegre de Goi\u00e1s.<\/p>\n<\/div>\n<div class=\"mc-column content-text active-extra-styles \" style=\"text-align: justify;\" data-block-type=\"unstyled\" data-block-weight=\"43\" data-block-id=\"12\">\n<p class=\"content-text__container \" data-track-category=\"Link no Texto\" data-track-links=\"\">&#8220;Todos os motoristas que tiverem com a inten\u00e7\u00e3o de viajar por essa regi\u00e3o orientamos que evitem passar pelo local. Aparentemente o inc\u00eandio iniciou ap\u00f3s a colis\u00e3o entre os dois ve\u00edculos de carga. As cabines foram totalmente destru\u00eddas pelo inc\u00eandio&#8221;, orienta o inspetor.<\/p>\n<\/div>\n<div class=\"row medium-uncollapsed content-media content-photo\" style=\"text-align: justify;\" data-block-type=\"backstage-photo\" data-block-id=\"14\">\n<div class=\"mc-column content-media__container\">\n<div class=\"content-media-container glb-skeleton-box\">\n<figure class=\"content-media-figure\"><img decoding=\"async\" class=\"i-amphtml-fill-content i-amphtml-replaced-content\" src=\"https:\/\/s2.glbimg.com\/PBKbRH7jLVOW5xofqcq8MRfyQ7Y=\/0x0:1700x1065\/984x0\/smart\/filters:strip_icc()\/i.s3.glbimg.com\/v1\/AUTH_59edd422c0c84a879bd37670ae4f538a\/internal_photos\/bs\/2021\/p\/M\/i8wHFYTJeygAPhYwvdmA\/acidente-pedagio.jpg\" sizes=\"(max-width: 1366px) 648px, 100vw\" srcset=\"https:\/\/s2.glbimg.com\/jG87laTC7FVL-Mli7HkFg_IYR8Y=\/0x0:1700x1065\/1000x0\/smart\/filters:strip_icc()\/i.s3.glbimg.com\/v1\/AUTH_59edd422c0c84a879bd37670ae4f538a\/internal_photos\/bs\/2021\/p\/M\/i8wHFYTJeygAPhYwvdmA\/acidente-pedagio.jpg 1000w, https:\/\/s2.glbimg.com\/PBKbRH7jLVOW5xofqcq8MRfyQ7Y=\/0x0:1700x1065\/984x0\/smart\/filters:strip_icc()\/i.s3.glbimg.com\/v1\/AUTH_59edd422c0c84a879bd37670ae4f538a\/internal_photos\/bs\/2021\/p\/M\/i8wHFYTJeygAPhYwvdmA\/acidente-pedagio.jpg 984w, https:\/\/s2.glbimg.com\/x8Arwd79Inn9WQ2lBl9lYN-gyK8=\/0x0:1700x1065\/640x0\/smart\/filters:strip_icc()\/i.s3.glbimg.com\/v1\/AUTH_59edd422c0c84a879bd37670ae4f538a\/internal_photos\/bs\/2021\/p\/M\/i8wHFYTJeygAPhYwvdmA\/acidente-pedagio.jpg 640w, https:\/\/s2.glbimg.com\/f5g9TA2PSU4g23NERLJN8QSB0ic=\/0x0:1700x1065\/600x0\/smart\/filters:strip_icc()\/i.s3.glbimg.com\/v1\/AUTH_59edd422c0c84a879bd37670ae4f538a\/internal_photos\/bs\/2021\/p\/M\/i8wHFYTJeygAPhYwvdmA\/acidente-pedagio.jpg 600w\" alt=\"Acidente com duas carretas destr\u00f3i pra\u00e7a de ped\u00e1gio e interdita a BR-050, Campo Alegre de Goi\u00e1s \u2014 Foto: Divulga\u00e7\u00e3o\/PRF\" \/><\/figure>\n<\/div>\n<p class=\"content-media__description \">Acidente com duas carretas destr\u00f3i pra\u00e7a de ped\u00e1gio e interdita a BR-050, Campo Alegre de Goi\u00e1s \u2014 Foto: Divulga\u00e7\u00e3o\/PRF<\/p>\n<\/div>\n<\/div>\n<div class=\"row medium-uncollapsed content-media content-photo\" data-block-type=\"backstage-photo\" data-block-id=\"15\">\n<div class=\"mc-column content-media__container\">\n<div class=\"content-media-container glb-skeleton-box\" style=\"text-align: justify;\">\n<figure class=\"content-media-figure\"><img decoding=\"async\" class=\"i-amphtml-fill-content i-amphtml-replaced-content\" src=\"https:\/\/s2.glbimg.com\/SzvrQ1Inv3mHpM22FsiYVnoNEBs=\/0x0:1700x1065\/984x0\/smart\/filters:strip_icc()\/i.s3.glbimg.com\/v1\/AUTH_59edd422c0c84a879bd37670ae4f538a\/internal_photos\/bs\/2021\/a\/4\/qsc5sGQIKabUiiPRQkVg\/acidente.jpg\" sizes=\"(max-width: 1366px) 648px, 100vw\" srcset=\"https:\/\/s2.glbimg.com\/4qnKG0GTfkJR3HblIb53G8z7XiA=\/0x0:1700x1065\/1000x0\/smart\/filters:strip_icc()\/i.s3.glbimg.com\/v1\/AUTH_59edd422c0c84a879bd37670ae4f538a\/internal_photos\/bs\/2021\/a\/4\/qsc5sGQIKabUiiPRQkVg\/acidente.jpg 1000w, https:\/\/s2.glbimg.com\/SzvrQ1Inv3mHpM22FsiYVnoNEBs=\/0x0:1700x1065\/984x0\/smart\/filters:strip_icc()\/i.s3.glbimg.com\/v1\/AUTH_59edd422c0c84a879bd37670ae4f538a\/internal_photos\/bs\/2021\/a\/4\/qsc5sGQIKabUiiPRQkVg\/acidente.jpg 984w, https:\/\/s2.glbimg.com\/xiigkFIY3ac4KSY9bvRVclPWK0w=\/0x0:1700x1065\/640x0\/smart\/filters:strip_icc()\/i.s3.glbimg.com\/v1\/AUTH_59edd422c0c84a879bd37670ae4f538a\/internal_photos\/bs\/2021\/a\/4\/qsc5sGQIKabUiiPRQkVg\/acidente.jpg 640w, https:\/\/s2.glbimg.com\/durjxNIFnwv55CTk1AQTkS_Qlu8=\/0x0:1700x1065\/600x0\/smart\/filters:strip_icc()\/i.s3.glbimg.com\/v1\/AUTH_59edd422c0c84a879bd37670ae4f538a\/internal_photos\/bs\/2021\/a\/4\/qsc5sGQIKabUiiPRQkVg\/acidente.jpg 600w\" alt=\"Acidente com duas carretas destr\u00f3i pra\u00e7a de ped\u00e1gio e interdita a BR-050, Campo Alegre de Goi\u00e1s \u2014 Foto: Divulga\u00e7\u00e3o\/PRF\" \/><\/figure>\n<\/div>\n<p class=\"content-media__description \" style=\"text-align: justify;\">Acidente com duas carretas destr\u00f3i pra\u00e7a de ped\u00e1gio e interdita a BR-050, Campo Alegre de Goi\u00e1s \u2014 Foto: Divulga\u00e7\u00e3o\/PRF<\/p>\n<p style=\"text-align: justify;\">Fonte: https:\/\/g1.globo.com\/go\/goias\/noticia\/2021\/03\/28\/acidente-com-carretas-mata-motorista-incendeia-praca-de-pedagio-e-interdita-a-br-050-em-campo-alegre-de-goias.ghtml<\/p>\n<\/div>\n<\/div>\n<\/div>\n","protected":false},"excerpt":{"rendered":"<p>Segundo a PRF, oito funcion\u00e1rios da concession\u00e1ria que administra a rodovia tamb\u00e9m ficaram feridos e foram levados a hospitais. Os dois sentidos da pista est\u00e3o interditados na altura do km 226. Tr\u00eas adultos e uma crian\u00e7a morreram em um acidente na manh\u00e3 deste domingo (28), em uma pra\u00e7a de ped\u00e1gio na BR-050, em\u00a0Campo Alegre de [&hellip;]<\/p>\n","protected":false},"author":1,"featured_media":45388,"comment_status":"closed","ping_status":"open","sticky":false,"template":"","format":"standard","meta":{"footnotes":""},"categories":[170,110],"tags":[],"class_list":["post-45387","post","type-post","status-publish","format-standard","has-post-thumbnail","hentry","category-acidentes","category-noticiasdestaque"],"_links":{"self":[{"href":"https:\/\/jorgezanoni.com.br\/2019\/wp-json\/wp\/v2\/posts\/45387","targetHints":{"allow":["GET"]}}],"collection":[{"href":"https:\/\/jorgezanoni.com.br\/2019\/wp-json\/wp\/v2\/posts"}],"about":[{"href":"https:\/\/jorgezanoni.com.br\/2019\/wp-json\/wp\/v2\/types\/post"}],"author":[{"embeddable":true,"href":"https:\/\/jorgezanoni.com.br\/2019\/wp-json\/wp\/v2\/users\/1"}],"replies":[{"embeddable":true,"href":"https:\/\/jorgezanoni.com.br\/2019\/wp-json\/wp\/v2\/comments?post=45387"}],"version-history":[{"count":0,"href":"https:\/\/jorgezanoni.com.br\/2019\/wp-json\/wp\/v2\/posts\/45387\/revisions"}],"wp:featuredmedia":[{"embeddable":true,"href":"https:\/\/jorgezanoni.com.br\/2019\/wp-json\/wp\/v2\/media\/45388"}],"wp:attachment":[{"href":"https:\/\/jorgezanoni.com.br\/2019\/wp-json\/wp\/v2\/media?parent=45387"}],"wp:term":[{"taxonomy":"category","embeddable":true,"href":"https:\/\/jorgezanoni.com.br\/2019\/wp-json\/wp\/v2\/categories?post=45387"},{"taxonomy":"post_tag","embeddable":true,"href":"https:\/\/jorgezanoni.com.br\/2019\/wp-json\/wp\/v2\/tags?post=45387"}],"curies":[{"name":"wp","href":"https:\/\/api.w.org\/{rel}","templated":true}]}}