{"id":45367,"date":"2021-03-28T16:53:10","date_gmt":"2021-03-28T16:53:10","guid":{"rendered":"https:\/\/jorgezanoni.com.br\/2019\/?p=45367"},"modified":"2021-03-28T16:53:10","modified_gmt":"2021-03-28T16:53:10","slug":"emdaep-informa-sobre-bomba-que-queimou-num-dos-pocos-do-bairro-sao-francisco","status":"publish","type":"post","link":"https:\/\/jorgezanoni.com.br\/2019\/emdaep-informa-sobre-bomba-que-queimou-num-dos-pocos-do-bairro-sao-francisco\/","title":{"rendered":"EMDAEP informa sobre Bomba que queimou num dos Po\u00e7os do Bairro S\u00e3o Francisco"},"content":{"rendered":"<p style=\"text-align: justify;\">Neste domingo, a Emdaep constatou que queimou a bomba de um dos po\u00e7os do Bairro S\u00e3o Francisco, o que fica mais pr\u00f3ximo da linha f\u00e9rrea. No s\u00e1bado j\u00e1 houve problemas naquela regi\u00e3o, aparentando uma quest\u00e3o no painel el\u00e9trico.<br \/>\nCom o novo problema, a equipe da Emdaep est\u00e1 realizando manobras na rede para atender os bairros que s\u00e3o abastecidos pelo po\u00e7o. A Emdaep solicita que a popula\u00e7\u00e3o economize \u00e1gua neste domingo.<br \/>\nAo mesmo tempo, a empresa contratada pela Emdaep vai providenciar a troca da bomba o mais r\u00e1pido poss\u00edvel, entre este domingo e a segunda-feira visando a normaliza\u00e7\u00e3o do abastecimento.<br \/>\nA Emdaep realiza plant\u00e3o atrav\u00e9s dos telefones 3821-4110 e 3821-1146.<\/p>\n<p style=\"text-align: justify;\">Ass. Rela\u00e7\u00f5es P\u00fablicas da Emdaep<\/p>\n<p>Imagem Arquivo<\/p>\n","protected":false},"excerpt":{"rendered":"<p>Neste domingo, a Emdaep constatou que queimou a bomba de um dos po\u00e7os do Bairro S\u00e3o Francisco, o que fica mais pr\u00f3ximo da linha f\u00e9rrea. No s\u00e1bado j\u00e1 houve problemas naquela regi\u00e3o, aparentando uma quest\u00e3o no painel el\u00e9trico. Com o novo problema, a equipe da Emdaep est\u00e1 realizando manobras na rede para atender os bairros [&hellip;]<\/p>\n","protected":false},"author":1,"featured_media":45368,"comment_status":"closed","ping_status":"open","sticky":false,"template":"","format":"standard","meta":{"footnotes":""},"categories":[179,184,110],"tags":[],"class_list":["post-45367","post","type-post","status-publish","format-standard","has-post-thumbnail","hentry","category-cidadeseregiao","category-dracena","category-noticiasdestaque"],"_links":{"self":[{"href":"https:\/\/jorgezanoni.com.br\/2019\/wp-json\/wp\/v2\/posts\/45367","targetHints":{"allow":["GET"]}}],"collection":[{"href":"https:\/\/jorgezanoni.com.br\/2019\/wp-json\/wp\/v2\/posts"}],"about":[{"href":"https:\/\/jorgezanoni.com.br\/2019\/wp-json\/wp\/v2\/types\/post"}],"author":[{"embeddable":true,"href":"https:\/\/jorgezanoni.com.br\/2019\/wp-json\/wp\/v2\/users\/1"}],"replies":[{"embeddable":true,"href":"https:\/\/jorgezanoni.com.br\/2019\/wp-json\/wp\/v2\/comments?post=45367"}],"version-history":[{"count":0,"href":"https:\/\/jorgezanoni.com.br\/2019\/wp-json\/wp\/v2\/posts\/45367\/revisions"}],"wp:featuredmedia":[{"embeddable":true,"href":"https:\/\/jorgezanoni.com.br\/2019\/wp-json\/wp\/v2\/media\/45368"}],"wp:attachment":[{"href":"https:\/\/jorgezanoni.com.br\/2019\/wp-json\/wp\/v2\/media?parent=45367"}],"wp:term":[{"taxonomy":"category","embeddable":true,"href":"https:\/\/jorgezanoni.com.br\/2019\/wp-json\/wp\/v2\/categories?post=45367"},{"taxonomy":"post_tag","embeddable":true,"href":"https:\/\/jorgezanoni.com.br\/2019\/wp-json\/wp\/v2\/tags?post=45367"}],"curies":[{"name":"wp","href":"https:\/\/api.w.org\/{rel}","templated":true}]}}