{"id":45362,"date":"2021-03-28T16:36:06","date_gmt":"2021-03-28T16:36:06","guid":{"rendered":"https:\/\/jorgezanoni.com.br\/2019\/?p=45362"},"modified":"2021-03-28T17:42:12","modified_gmt":"2021-03-28T17:42:12","slug":"morre-a-senhora-cinira-da-familia-do-moveis-chaves-de-dracena","status":"publish","type":"post","link":"https:\/\/jorgezanoni.com.br\/2019\/morre-a-senhora-cinira-da-familia-do-moveis-chaves-de-dracena\/","title":{"rendered":"Morre a senhora Cinira da fam\u00edlia do M\u00f3veis Chaves de Dracena"},"content":{"rendered":"<p style=\"text-align: justify;\">Comunicamos com pesar, o falecimento da senhora Cinira Dias de Campos Chaves de 74 anos. Ela estava em tratamento da Covid e n\u00e3o resistiu, vindo a \u00f3bito.<\/p>\n<p style=\"text-align: justify;\">Deixa o esposo An\u00e9sio, filhos C\u00e9sar e Cristina, nora Silvia, netos, demais familiares e amigos.<\/p>\n<p style=\"text-align: justify;\">\u00c9 m\u00e3e do Cesar M\u00f3veis Chaves e sogra da Silvia Emporium M\u00f3veis.<\/p>\n<p style=\"text-align: justify;\">\u00c1 fam\u00edlia enlutada, os sentimentos do Site JZ neste dif\u00edcil momento.<\/p>\n<p><img loading=\"lazy\" decoding=\"async\" class=\"alignnone size-full wp-image-45379\" src=\"https:\/\/jorgezanoni.com.br\/2019\/wp-content\/uploads\/2021\/03\/Cinira-1.jpg\" alt=\"\" width=\"1280\" height=\"1279\" srcset=\"https:\/\/jorgezanoni.com.br\/2019\/wp-content\/uploads\/2021\/03\/Cinira-1.jpg 1280w, https:\/\/jorgezanoni.com.br\/2019\/wp-content\/uploads\/2021\/03\/Cinira-1-300x300.jpg 300w, https:\/\/jorgezanoni.com.br\/2019\/wp-content\/uploads\/2021\/03\/Cinira-1-1024x1024.jpg 1024w, https:\/\/jorgezanoni.com.br\/2019\/wp-content\/uploads\/2021\/03\/Cinira-1-150x150.jpg 150w, https:\/\/jorgezanoni.com.br\/2019\/wp-content\/uploads\/2021\/03\/Cinira-1-768x767.jpg 768w, https:\/\/jorgezanoni.com.br\/2019\/wp-content\/uploads\/2021\/03\/Cinira-1-696x695.jpg 696w, https:\/\/jorgezanoni.com.br\/2019\/wp-content\/uploads\/2021\/03\/Cinira-1-1068x1067.jpg 1068w, https:\/\/jorgezanoni.com.br\/2019\/wp-content\/uploads\/2021\/03\/Cinira-1-420x420.jpg 420w\" sizes=\"auto, (max-width: 1280px) 100vw, 1280px\" \/><\/p>\n<div dir=\"auto\" style=\"text-align: justify;\">&#8220;A morte \u00e9 a mudan\u00e7a completa de casa sem mudan\u00e7a essencial da pessoa&#8221;. Chico Xavier<\/div>\n<div dir=\"auto\" style=\"text-align: justify;\"><\/div>\n<div dir=\"auto\" style=\"text-align: justify;\">Hoje retornou ao plano espiritual nossa querida companheira Cinira Chaves.<\/div>\n<div dir=\"auto\" style=\"text-align: justify;\">Amiga, m\u00e3e e esposa dedicada, trabalhadora do nosso Centro Esp\u00edrita. Que Deus te receba de bra\u00e7os abertos nossa querida Cinira, continue da\u00ed sua caminhada que seguiremos por aqui lembrando sempre do seu sorriso e acolhimento.<\/div>\n<div dir=\"auto\" style=\"text-align: justify;\">Fica aqui o nosso sentimento a toda a fam\u00edlia, esposo, filhos e netos.<\/div>\n<div dir=\"auto\" style=\"text-align: justify;\">Pra sempre em nossas lembran\u00e7as, pois a morte n\u00e3o separa os que amam<\/div>\n<div dir=\"auto\" style=\"text-align: justify;\"><span class=\"pq6dq46d tbxw36s4 knj5qynh kvgmc6g5 ditlmg2l oygrvhab nvdbi5me sf5mxxl7 gl3lb2sf hhz5lgdu\">\u00a0<\/span><\/div>\n<div dir=\"auto\" style=\"text-align: justify;\">Centro Esp\u00edrita Irm\u00e3 Carlota<\/div>\n","protected":false},"excerpt":{"rendered":"<p>Comunicamos com pesar, o falecimento da senhora Cinira Dias de Campos Chaves de 74 anos. Ela estava em tratamento da Covid e n\u00e3o resistiu, vindo a \u00f3bito. Deixa o esposo An\u00e9sio, filhos C\u00e9sar e Cristina, nora Silvia, netos, demais familiares e amigos. \u00c9 m\u00e3e do Cesar M\u00f3veis Chaves e sogra da Silvia Emporium M\u00f3veis. \u00c1 [&hellip;]<\/p>\n","protected":false},"author":1,"featured_media":45363,"comment_status":"closed","ping_status":"open","sticky":false,"template":"","format":"standard","meta":{"footnotes":""},"categories":[178,110],"tags":[],"class_list":["post-45362","post","type-post","status-publish","format-standard","has-post-thumbnail","hentry","category-notadefalecimento","category-noticiasdestaque"],"_links":{"self":[{"href":"https:\/\/jorgezanoni.com.br\/2019\/wp-json\/wp\/v2\/posts\/45362","targetHints":{"allow":["GET"]}}],"collection":[{"href":"https:\/\/jorgezanoni.com.br\/2019\/wp-json\/wp\/v2\/posts"}],"about":[{"href":"https:\/\/jorgezanoni.com.br\/2019\/wp-json\/wp\/v2\/types\/post"}],"author":[{"embeddable":true,"href":"https:\/\/jorgezanoni.com.br\/2019\/wp-json\/wp\/v2\/users\/1"}],"replies":[{"embeddable":true,"href":"https:\/\/jorgezanoni.com.br\/2019\/wp-json\/wp\/v2\/comments?post=45362"}],"version-history":[{"count":0,"href":"https:\/\/jorgezanoni.com.br\/2019\/wp-json\/wp\/v2\/posts\/45362\/revisions"}],"wp:featuredmedia":[{"embeddable":true,"href":"https:\/\/jorgezanoni.com.br\/2019\/wp-json\/wp\/v2\/media\/45363"}],"wp:attachment":[{"href":"https:\/\/jorgezanoni.com.br\/2019\/wp-json\/wp\/v2\/media?parent=45362"}],"wp:term":[{"taxonomy":"category","embeddable":true,"href":"https:\/\/jorgezanoni.com.br\/2019\/wp-json\/wp\/v2\/categories?post=45362"},{"taxonomy":"post_tag","embeddable":true,"href":"https:\/\/jorgezanoni.com.br\/2019\/wp-json\/wp\/v2\/tags?post=45362"}],"curies":[{"name":"wp","href":"https:\/\/api.w.org\/{rel}","templated":true}]}}