{"id":45325,"date":"2021-03-27T19:44:22","date_gmt":"2021-03-27T19:44:22","guid":{"rendered":"https:\/\/jorgezanoni.com.br\/2019\/?p=45325"},"modified":"2021-03-27T19:44:22","modified_gmt":"2021-03-27T19:44:22","slug":"policia-rodoviaria-apreende-carga-de-roteadores-do-paraguai-durante-fiscalizacao-em-dracena","status":"publish","type":"post","link":"https:\/\/jorgezanoni.com.br\/2019\/policia-rodoviaria-apreende-carga-de-roteadores-do-paraguai-durante-fiscalizacao-em-dracena\/","title":{"rendered":"Pol\u00edcia Rodovi\u00e1ria apreende carga de roteadores do Paraguai durante fiscaliza\u00e7\u00e3o em Dracena"},"content":{"rendered":"<h2 class=\"content-head__subtitle\" style=\"text-align: justify;\"><strong>Produtos sem notas fiscais eram transportados no porta-malas de um carro que foi abordado neste s\u00e1bado (27) na Rodovia Comandante Jo\u00e3o Ribeiro de Barros (SP-294).<\/strong><\/h2>\n<div class=\"mc-column content-text active-extra-styles \" data-block-type=\"unstyled\" data-block-weight=\"45\" data-block-id=\"2\">\n<p class=\"content-text__container \" style=\"text-align: justify;\" data-track-category=\"Link no Texto\" data-track-links=\"\">A Pol\u00edcia Militar Rodovi\u00e1ria apreendeu neste s\u00e1bado (27), em\u00a0<a href=\"https:\/\/g1.globo.com\/sp\/presidente-prudente-regiao\/cidade\/dracena\/\">Dracena (SP)<\/a>, uma carga de 480 roteadores oriundos do Paraguai e sem documenta\u00e7\u00e3o fiscal que eram transportados em um carro que foi abordado pela fiscaliza\u00e7\u00e3o no km 653 da Rodovia Comandante Jo\u00e3o Ribeiro de Barros (SP-294).<\/p>\n<\/div>\n<div class=\"wall protected-content\">\n<div class=\"mc-column content-text active-extra-styles \" style=\"text-align: justify;\" data-block-type=\"unstyled\" data-block-weight=\"38\" data-block-id=\"3\">\n<p class=\"content-text__container \" data-track-category=\"Link no Texto\" data-track-links=\"\">O carro, com placas de Ara\u00e7atuba (SP), transitava no sentido Tupi Paulista (SP)\u2013Junqueir\u00f3polis (SP), carregava os produtos no porta-malas e tinha como ocupantes um homem, de 36 anos, como motorista, e uma mulher, de 31 anos, como passageira.<\/p>\n<\/div>\n<div class=\"mc-column content-text active-extra-styles \" style=\"text-align: justify;\" data-block-type=\"unstyled\" data-block-weight=\"20\" data-block-id=\"4\">\n<p class=\"content-text__container \" data-track-category=\"Link no Texto\" data-track-links=\"\">A ocorr\u00eancia foi apresentada na Delegacia da Pol\u00edcia Federal, em Ara\u00e7atuba (SP), onde ficaram apreendidos o ve\u00edculo e as mercadorias.<\/p>\n<\/div>\n<div class=\"mc-column content-text active-extra-styles \" style=\"text-align: justify;\" data-block-type=\"unstyled\" data-block-weight=\"26\" data-block-id=\"5\">\n<p class=\"content-text__container \" data-track-category=\"Link no Texto\" data-track-links=\"\">A pol\u00edcia arbitrou uma fian\u00e7a no valor de R$ 1,1 mil, que foi paga, e liberou o motorista para responder em liberdade pelo crime de descaminho.<\/p>\n<\/div>\n<div class=\"mc-column content-text active-extra-styles \" style=\"text-align: justify;\" data-block-type=\"unstyled\" data-block-weight=\"15\" data-block-id=\"6\">\n<p class=\"content-text__container \" data-track-category=\"Link no Texto\" data-track-links=\"\">J\u00e1 a passageira que o acompanhava foi liberada pela pol\u00edcia, ap\u00f3s ser ouvida como testemunha.<\/p>\n<\/div>\n<div class=\"row medium-uncollapsed content-media content-photo\" style=\"text-align: justify;\" data-block-type=\"backstage-photo\" data-block-id=\"7\">\n<div class=\"mc-column content-media__container\">\n<div class=\"content-media-container glb-skeleton-box\">\n<figure class=\"content-media-figure\"><img decoding=\"async\" class=\"i-amphtml-fill-content i-amphtml-replaced-content\" src=\"https:\/\/s2.glbimg.com\/6ZM810LZtGK-_sbePJqviviEhIk=\/0x0:1280x720\/984x0\/smart\/filters:strip_icc()\/i.s3.glbimg.com\/v1\/AUTH_59edd422c0c84a879bd37670ae4f538a\/internal_photos\/bs\/2021\/a\/T\/7vqg8bSOG4oPyP62AI7w\/dracena-1.jpg\" sizes=\"(max-width: 1366px) 648px, 100vw\" srcset=\"https:\/\/s2.glbimg.com\/JQJubHBkJrKsyO6REe79xmqegdM=\/0x0:1280x720\/1000x0\/smart\/filters:strip_icc()\/i.s3.glbimg.com\/v1\/AUTH_59edd422c0c84a879bd37670ae4f538a\/internal_photos\/bs\/2021\/a\/T\/7vqg8bSOG4oPyP62AI7w\/dracena-1.jpg 1000w, https:\/\/s2.glbimg.com\/6ZM810LZtGK-_sbePJqviviEhIk=\/0x0:1280x720\/984x0\/smart\/filters:strip_icc()\/i.s3.glbimg.com\/v1\/AUTH_59edd422c0c84a879bd37670ae4f538a\/internal_photos\/bs\/2021\/a\/T\/7vqg8bSOG4oPyP62AI7w\/dracena-1.jpg 984w, https:\/\/s2.glbimg.com\/4ST-11OiErhHOZrd566axMiTTT0=\/0x0:1280x720\/640x0\/smart\/filters:strip_icc()\/i.s3.glbimg.com\/v1\/AUTH_59edd422c0c84a879bd37670ae4f538a\/internal_photos\/bs\/2021\/a\/T\/7vqg8bSOG4oPyP62AI7w\/dracena-1.jpg 640w, https:\/\/s2.glbimg.com\/PH6oEqvVBoolBJwqWX_p9O7VQZI=\/0x0:1280x720\/600x0\/smart\/filters:strip_icc()\/i.s3.glbimg.com\/v1\/AUTH_59edd422c0c84a879bd37670ae4f538a\/internal_photos\/bs\/2021\/a\/T\/7vqg8bSOG4oPyP62AI7w\/dracena-1.jpg 600w\" alt=\"Mercadorias do Paraguai foram apreendidas em Dracena neste s\u00e1bado (27) \u2014 Foto: Pol\u00edcia Militar Rodovi\u00e1ria\" \/><\/figure>\n<\/div>\n<p class=\"content-media__description \">Mercadorias do Paraguai foram apreendidas em Dracena neste s\u00e1bado (27) \u2014 Foto: Pol\u00edcia Militar Rodovi\u00e1ria<\/p>\n<\/div>\n<\/div>\n<div class=\"content-ads content-ads--reveal\" data-block-type=\"ads\" data-block-id=\"8\">\n<div id=\"banner_materia2\" class=\"tag-manager-publicidade-container mc-has-reveal mc-has-ad-lazyload tag-manager-publicidade-banner_materia2 tag-manager-publicidade-container--carregado tag-manager-publicidade-container--visivel\" style=\"text-align: justify;\" data-id=\"banner_materia2\" data-req=\"true\" data-google-query-id=\"CJakp8Wd0e8CFasGuQYdU0cOcw\" data-cid=\"138343757028\" data-lid=\"5648413339\">Fonte: G1<\/div>\n<\/div>\n<\/div>\n","protected":false},"excerpt":{"rendered":"<p>Produtos sem notas fiscais eram transportados no porta-malas de um carro que foi abordado neste s\u00e1bado (27) na Rodovia Comandante Jo\u00e3o Ribeiro de Barros (SP-294). A Pol\u00edcia Militar Rodovi\u00e1ria apreendeu neste s\u00e1bado (27), em\u00a0Dracena (SP), uma carga de 480 roteadores oriundos do Paraguai e sem documenta\u00e7\u00e3o fiscal que eram transportados em um carro que foi [&hellip;]<\/p>\n","protected":false},"author":1,"featured_media":45326,"comment_status":"closed","ping_status":"open","sticky":false,"template":"","format":"standard","meta":{"footnotes":""},"categories":[110,2],"tags":[],"class_list":["post-45325","post","type-post","status-publish","format-standard","has-post-thumbnail","hentry","category-noticiasdestaque","category-policial"],"_links":{"self":[{"href":"https:\/\/jorgezanoni.com.br\/2019\/wp-json\/wp\/v2\/posts\/45325","targetHints":{"allow":["GET"]}}],"collection":[{"href":"https:\/\/jorgezanoni.com.br\/2019\/wp-json\/wp\/v2\/posts"}],"about":[{"href":"https:\/\/jorgezanoni.com.br\/2019\/wp-json\/wp\/v2\/types\/post"}],"author":[{"embeddable":true,"href":"https:\/\/jorgezanoni.com.br\/2019\/wp-json\/wp\/v2\/users\/1"}],"replies":[{"embeddable":true,"href":"https:\/\/jorgezanoni.com.br\/2019\/wp-json\/wp\/v2\/comments?post=45325"}],"version-history":[{"count":0,"href":"https:\/\/jorgezanoni.com.br\/2019\/wp-json\/wp\/v2\/posts\/45325\/revisions"}],"wp:featuredmedia":[{"embeddable":true,"href":"https:\/\/jorgezanoni.com.br\/2019\/wp-json\/wp\/v2\/media\/45326"}],"wp:attachment":[{"href":"https:\/\/jorgezanoni.com.br\/2019\/wp-json\/wp\/v2\/media?parent=45325"}],"wp:term":[{"taxonomy":"category","embeddable":true,"href":"https:\/\/jorgezanoni.com.br\/2019\/wp-json\/wp\/v2\/categories?post=45325"},{"taxonomy":"post_tag","embeddable":true,"href":"https:\/\/jorgezanoni.com.br\/2019\/wp-json\/wp\/v2\/tags?post=45325"}],"curies":[{"name":"wp","href":"https:\/\/api.w.org\/{rel}","templated":true}]}}