{"id":45322,"date":"2021-03-27T18:18:46","date_gmt":"2021-03-27T18:18:46","guid":{"rendered":"https:\/\/jorgezanoni.com.br\/2019\/?p=45322"},"modified":"2021-03-27T18:18:46","modified_gmt":"2021-03-27T18:18:46","slug":"veiculo-pega-fogo-em-garagem-de-residencia-de-dracena","status":"publish","type":"post","link":"https:\/\/jorgezanoni.com.br\/2019\/veiculo-pega-fogo-em-garagem-de-residencia-de-dracena\/","title":{"rendered":"Ve\u00edculo pega fogo em garagem de resid\u00eancia de Dracena"},"content":{"rendered":"<p style=\"text-align: justify;\">Por volta dos 15 minutos da madrugada deste s\u00e1bado (27), a Pol\u00edcia Militar e Corpo de Bombeiros atenderam ocorr\u00eancia de inc\u00eandio em ve\u00edculo.<\/p>\n<p style=\"text-align: justify;\">O fato ocorreu na Rua Florian\u00f3polis, no bairro Metr\u00f3pole em Dracena.<\/p>\n<p style=\"text-align: justify;\">Ningu\u00e9m ficou ferido e a Pol\u00edcia T\u00e9cnica vai apontar as causas do inc\u00eandio.<\/p>\n<p style=\"text-align: justify;\">Jorge Zanoni<\/p>\n<p style=\"text-align: justify;\">Foto de Internauta<\/p>\n","protected":false},"excerpt":{"rendered":"<p>Por volta dos 15 minutos da madrugada deste s\u00e1bado (27), a Pol\u00edcia Militar e Corpo de Bombeiros atenderam ocorr\u00eancia de inc\u00eandio em ve\u00edculo. O fato ocorreu na Rua Florian\u00f3polis, no bairro Metr\u00f3pole em Dracena. Ningu\u00e9m ficou ferido e a Pol\u00edcia T\u00e9cnica vai apontar as causas do inc\u00eandio. Jorge Zanoni Foto de Internauta<\/p>\n","protected":false},"author":1,"featured_media":45323,"comment_status":"closed","ping_status":"open","sticky":false,"template":"","format":"standard","meta":{"footnotes":""},"categories":[110,2],"tags":[],"class_list":["post-45322","post","type-post","status-publish","format-standard","has-post-thumbnail","hentry","category-noticiasdestaque","category-policial"],"_links":{"self":[{"href":"https:\/\/jorgezanoni.com.br\/2019\/wp-json\/wp\/v2\/posts\/45322","targetHints":{"allow":["GET"]}}],"collection":[{"href":"https:\/\/jorgezanoni.com.br\/2019\/wp-json\/wp\/v2\/posts"}],"about":[{"href":"https:\/\/jorgezanoni.com.br\/2019\/wp-json\/wp\/v2\/types\/post"}],"author":[{"embeddable":true,"href":"https:\/\/jorgezanoni.com.br\/2019\/wp-json\/wp\/v2\/users\/1"}],"replies":[{"embeddable":true,"href":"https:\/\/jorgezanoni.com.br\/2019\/wp-json\/wp\/v2\/comments?post=45322"}],"version-history":[{"count":0,"href":"https:\/\/jorgezanoni.com.br\/2019\/wp-json\/wp\/v2\/posts\/45322\/revisions"}],"wp:featuredmedia":[{"embeddable":true,"href":"https:\/\/jorgezanoni.com.br\/2019\/wp-json\/wp\/v2\/media\/45323"}],"wp:attachment":[{"href":"https:\/\/jorgezanoni.com.br\/2019\/wp-json\/wp\/v2\/media?parent=45322"}],"wp:term":[{"taxonomy":"category","embeddable":true,"href":"https:\/\/jorgezanoni.com.br\/2019\/wp-json\/wp\/v2\/categories?post=45322"},{"taxonomy":"post_tag","embeddable":true,"href":"https:\/\/jorgezanoni.com.br\/2019\/wp-json\/wp\/v2\/tags?post=45322"}],"curies":[{"name":"wp","href":"https:\/\/api.w.org\/{rel}","templated":true}]}}