{"id":45310,"date":"2021-03-27T16:36:06","date_gmt":"2021-03-27T16:36:06","guid":{"rendered":"https:\/\/jorgezanoni.com.br\/2019\/?p=45310"},"modified":"2021-03-27T16:36:06","modified_gmt":"2021-03-27T16:36:06","slug":"policia-civil-prende-homem-procurado-por-crime-de-roubo-em-dracena","status":"publish","type":"post","link":"https:\/\/jorgezanoni.com.br\/2019\/policia-civil-prende-homem-procurado-por-crime-de-roubo-em-dracena\/","title":{"rendered":"Pol\u00edcia Civil prende homem procurado por crime de roubo em Dracena"},"content":{"rendered":"<p style=\"text-align: justify;\"><strong>A pris\u00e3o ocorreu no distrito de Jacipor\u00e3. E o homem n\u00e3o ofereceu resist\u00eancia \u00e0 pris\u00e3o.<\/strong><\/p>\n<p><img loading=\"lazy\" decoding=\"async\" class=\"alignnone size-full wp-image-45311\" src=\"https:\/\/jorgezanoni.com.br\/2019\/wp-content\/uploads\/2021\/03\/preso.jpg\" alt=\"\" width=\"1156\" height=\"868\" srcset=\"https:\/\/jorgezanoni.com.br\/2019\/wp-content\/uploads\/2021\/03\/preso.jpg 1156w, https:\/\/jorgezanoni.com.br\/2019\/wp-content\/uploads\/2021\/03\/preso-300x225.jpg 300w, https:\/\/jorgezanoni.com.br\/2019\/wp-content\/uploads\/2021\/03\/preso-1024x769.jpg 1024w, https:\/\/jorgezanoni.com.br\/2019\/wp-content\/uploads\/2021\/03\/preso-768x577.jpg 768w, https:\/\/jorgezanoni.com.br\/2019\/wp-content\/uploads\/2021\/03\/preso-80x60.jpg 80w, https:\/\/jorgezanoni.com.br\/2019\/wp-content\/uploads\/2021\/03\/preso-265x198.jpg 265w, https:\/\/jorgezanoni.com.br\/2019\/wp-content\/uploads\/2021\/03\/preso-696x523.jpg 696w, https:\/\/jorgezanoni.com.br\/2019\/wp-content\/uploads\/2021\/03\/preso-1068x802.jpg 1068w, https:\/\/jorgezanoni.com.br\/2019\/wp-content\/uploads\/2021\/03\/preso-559x420.jpg 559w\" sizes=\"auto, (max-width: 1156px) 100vw, 1156px\" \/><\/p>\n<p style=\"text-align: justify;\">A Pol\u00edcia Civil, por interm\u00e9dio das Unidades Especializadas (Delegacia de Investiga\u00e7\u00f5es Gerais &#8211; DIG e Delegacia de Investiga\u00e7\u00f5es Sobre Entorpecentes &#8211; DISE), efetuou, na sexta-feira (26), a pris\u00e3o de um homem, de 19 anos, em virtude de um mandado de pris\u00e3o preventiva, expedido pela 2\u00aa Vara Criminal da Comarca de Dracena. A captura do homem foi na resid\u00eancia dele, situada no distrito de Jacipor\u00e3, ele era procurado por ter cometido um roubo.<\/p>\n<p style=\"text-align: justify;\">Agentes das Unidades Especializadas com a ordem de pris\u00e3o em m\u00e3os, diligenciaram no distrito de Jacipor\u00e3 com vistas a localizar e prender o indiv\u00edduo procurado, que foi encontrado em sua casa e n\u00e3o ofereceu resist\u00eancia \u00e0 pris\u00e3o.<\/p>\n<p style=\"text-align: justify;\">Ap\u00f3s os tr\u00e2mites cab\u00edveis na especializada, A.M.B., 19 anoso foi encaminhado para uma unidade prisional, onde ficou \u00e0 disposi\u00e7\u00e3o da Justi\u00e7a.<\/p>\n<p style=\"text-align: justify;\">Den\u00fancias an\u00f4nimas sobre pessoas foragidas ou procuradas da Justi\u00e7a podem ser feitas pelo Disque Den\u00fancia 181, pelo fone (18) 3821 3753, da Delegacia de Investiga\u00e7\u00f5es Gerais. O sigilo e o anonimato s\u00e3o garantidos.<\/p>\n<p style=\"text-align: justify;\">Fonte: Com. Social Pol\u00edcia Civil<\/p>\n","protected":false},"excerpt":{"rendered":"<p>A pris\u00e3o ocorreu no distrito de Jacipor\u00e3. E o homem n\u00e3o ofereceu resist\u00eancia \u00e0 pris\u00e3o. A Pol\u00edcia Civil, por interm\u00e9dio das Unidades Especializadas (Delegacia de Investiga\u00e7\u00f5es Gerais &#8211; DIG e Delegacia de Investiga\u00e7\u00f5es Sobre Entorpecentes &#8211; DISE), efetuou, na sexta-feira (26), a pris\u00e3o de um homem, de 19 anos, em virtude de um mandado de [&hellip;]<\/p>\n","protected":false},"author":1,"featured_media":45312,"comment_status":"closed","ping_status":"open","sticky":false,"template":"","format":"standard","meta":{"footnotes":""},"categories":[110,2],"tags":[],"class_list":["post-45310","post","type-post","status-publish","format-standard","has-post-thumbnail","hentry","category-noticiasdestaque","category-policial"],"_links":{"self":[{"href":"https:\/\/jorgezanoni.com.br\/2019\/wp-json\/wp\/v2\/posts\/45310","targetHints":{"allow":["GET"]}}],"collection":[{"href":"https:\/\/jorgezanoni.com.br\/2019\/wp-json\/wp\/v2\/posts"}],"about":[{"href":"https:\/\/jorgezanoni.com.br\/2019\/wp-json\/wp\/v2\/types\/post"}],"author":[{"embeddable":true,"href":"https:\/\/jorgezanoni.com.br\/2019\/wp-json\/wp\/v2\/users\/1"}],"replies":[{"embeddable":true,"href":"https:\/\/jorgezanoni.com.br\/2019\/wp-json\/wp\/v2\/comments?post=45310"}],"version-history":[{"count":0,"href":"https:\/\/jorgezanoni.com.br\/2019\/wp-json\/wp\/v2\/posts\/45310\/revisions"}],"wp:featuredmedia":[{"embeddable":true,"href":"https:\/\/jorgezanoni.com.br\/2019\/wp-json\/wp\/v2\/media\/45312"}],"wp:attachment":[{"href":"https:\/\/jorgezanoni.com.br\/2019\/wp-json\/wp\/v2\/media?parent=45310"}],"wp:term":[{"taxonomy":"category","embeddable":true,"href":"https:\/\/jorgezanoni.com.br\/2019\/wp-json\/wp\/v2\/categories?post=45310"},{"taxonomy":"post_tag","embeddable":true,"href":"https:\/\/jorgezanoni.com.br\/2019\/wp-json\/wp\/v2\/tags?post=45310"}],"curies":[{"name":"wp","href":"https:\/\/api.w.org\/{rel}","templated":true}]}}