{"id":45284,"date":"2021-03-27T01:53:47","date_gmt":"2021-03-27T01:53:47","guid":{"rendered":"https:\/\/jorgezanoni.com.br\/2019\/?p=45284"},"modified":"2021-03-27T16:19:15","modified_gmt":"2021-03-27T16:19:15","slug":"morre-o-contabilista-jose-ribeiro-da-silva-do-escritorio-fiel","status":"publish","type":"post","link":"https:\/\/jorgezanoni.com.br\/2019\/morre-o-contabilista-jose-ribeiro-da-silva-do-escritorio-fiel\/","title":{"rendered":"Morre o Contabilista Jos\u00e9 Ribeiro da Silva do Escrit\u00f3rio Fiel"},"content":{"rendered":"<p style=\"text-align: justify;\">Faleceu nesta sexta-feira, 26 de mar\u00e7o, o contador Jos\u00e9 Ribeiro da Silva de 75 anos. Ele estava hospitalizado em tratamento da Covid j\u00e1 fazia alguns dias, na UTI da Santa Casa de Dracena.<\/p>\n<p style=\"text-align: justify;\">Morador de Dracena desde crian\u00e7a, era formado em Ci\u00eancias Cont\u00e1beis e Hist\u00f3ria.<\/p>\n<p style=\"text-align: justify;\">Trabalhou no Escrit\u00f3rio Nacional, foi chefe do Funrural na d\u00e9cada de 70, propriet\u00e1rio h\u00e1 mais de 40 anos do Escrit\u00f3rio Cont\u00e1bil Fiel, pai de 4 filhas. Era vi\u00favo de Marina Rollo.<\/p>\n<p style=\"text-align: justify;\">Z\u00e9 Ribeiro como era conhecido por amigos, era amante da apicultura e pesca.<\/p>\n<p style=\"text-align: justify;\">Durante toda sua vida foi membro da Congrega\u00e7\u00e3o Crist\u00e3 no Brasil, onde atualmente fazia parte do conselho fiscal.<\/p>\n<p style=\"text-align: justify;\">Deixa um grande legado, pautado pela sua generosidade sempre disposto a ajudar o pr\u00f3ximo.<\/p>\n<p style=\"text-align: justify;\">Informa\u00e7\u00e3o do amigo Vitin Palhares.<\/p>\n","protected":false},"excerpt":{"rendered":"<p>Faleceu nesta sexta-feira, 26 de mar\u00e7o, o contador Jos\u00e9 Ribeiro da Silva de 75 anos. Ele estava hospitalizado em tratamento da Covid j\u00e1 fazia alguns dias, na UTI da Santa Casa de Dracena. Morador de Dracena desde crian\u00e7a, era formado em Ci\u00eancias Cont\u00e1beis e Hist\u00f3ria. Trabalhou no Escrit\u00f3rio Nacional, foi chefe do Funrural na d\u00e9cada [&hellip;]<\/p>\n","protected":false},"author":1,"featured_media":45285,"comment_status":"closed","ping_status":"open","sticky":false,"template":"","format":"standard","meta":{"footnotes":""},"categories":[178,110],"tags":[],"class_list":["post-45284","post","type-post","status-publish","format-standard","has-post-thumbnail","hentry","category-notadefalecimento","category-noticiasdestaque"],"_links":{"self":[{"href":"https:\/\/jorgezanoni.com.br\/2019\/wp-json\/wp\/v2\/posts\/45284","targetHints":{"allow":["GET"]}}],"collection":[{"href":"https:\/\/jorgezanoni.com.br\/2019\/wp-json\/wp\/v2\/posts"}],"about":[{"href":"https:\/\/jorgezanoni.com.br\/2019\/wp-json\/wp\/v2\/types\/post"}],"author":[{"embeddable":true,"href":"https:\/\/jorgezanoni.com.br\/2019\/wp-json\/wp\/v2\/users\/1"}],"replies":[{"embeddable":true,"href":"https:\/\/jorgezanoni.com.br\/2019\/wp-json\/wp\/v2\/comments?post=45284"}],"version-history":[{"count":0,"href":"https:\/\/jorgezanoni.com.br\/2019\/wp-json\/wp\/v2\/posts\/45284\/revisions"}],"wp:featuredmedia":[{"embeddable":true,"href":"https:\/\/jorgezanoni.com.br\/2019\/wp-json\/wp\/v2\/media\/45285"}],"wp:attachment":[{"href":"https:\/\/jorgezanoni.com.br\/2019\/wp-json\/wp\/v2\/media?parent=45284"}],"wp:term":[{"taxonomy":"category","embeddable":true,"href":"https:\/\/jorgezanoni.com.br\/2019\/wp-json\/wp\/v2\/categories?post=45284"},{"taxonomy":"post_tag","embeddable":true,"href":"https:\/\/jorgezanoni.com.br\/2019\/wp-json\/wp\/v2\/tags?post=45284"}],"curies":[{"name":"wp","href":"https:\/\/api.w.org\/{rel}","templated":true}]}}