{"id":45274,"date":"2021-03-26T21:58:14","date_gmt":"2021-03-26T21:58:14","guid":{"rendered":"https:\/\/jorgezanoni.com.br\/2019\/?p=45274"},"modified":"2021-03-26T21:58:14","modified_gmt":"2021-03-26T21:58:14","slug":"boletim-atualizado-da-covid-19-da-secretaria-municipal-de-saude-de-dracena-26-03-21","status":"publish","type":"post","link":"https:\/\/jorgezanoni.com.br\/2019\/boletim-atualizado-da-covid-19-da-secretaria-municipal-de-saude-de-dracena-26-03-21\/","title":{"rendered":"Boletim atualizado da COVID-19 da Secretaria Municipal de Sa\u00fade de Dracena 26\/03\/21"},"content":{"rendered":"<div class=\"kvgmc6g5 cxmmr5t8 oygrvhab hcukyx3x c1et5uql ii04i59q\">\n<div dir=\"auto\" style=\"text-align: justify;\">BOLETIM EPIDEMIOL\u00d3GICO COVID 19<\/div>\n<div dir=\"auto\" style=\"text-align: justify;\">SEXTA-FEIRA (26\/03)<\/div>\n<\/div>\n<div class=\"o9v6fnle cxmmr5t8 oygrvhab hcukyx3x c1et5uql ii04i59q\" style=\"text-align: justify;\">\n<div dir=\"auto\">Suspeitos: 30<\/div>\n<div dir=\"auto\">Suspeitos domiciliar: 30<\/div>\n<div dir=\"auto\">Suspeito hospitalar: 0<\/div>\n<div dir=\"auto\">Confirmados: 3.901<\/div>\n<div dir=\"auto\">Curados: 3.548<\/div>\n<div dir=\"auto\">Tratamento hospitalar: 30<\/div>\n<div dir=\"auto\">Isolamento domiciliar: 171<\/div>\n<div dir=\"auto\">\u00d3bitos: 152<\/div>\n<\/div>\n<div class=\"o9v6fnle cxmmr5t8 oygrvhab hcukyx3x c1et5uql ii04i59q\" style=\"text-align: justify;\">\n<div dir=\"auto\">ALERTA<\/div>\n<div dir=\"auto\">Nas \u00faltimas 24h, foram confirmados 18 casos positivos de covid.<\/div>\n<div dir=\"auto\">Nas \u00faltimas 24h, o n\u00famero de pacientes que se curaram \u00e9 de 59.<\/div>\n<\/div>\n<div class=\"o9v6fnle cxmmr5t8 oygrvhab hcukyx3x c1et5uql ii04i59q\">\n<div dir=\"auto\" style=\"text-align: justify;\">CUIDE DE VOC\u00ca E DE QUEM VOC\u00ca AMA!<\/div>\n<div dir=\"auto\" style=\"text-align: justify;\">N\u00c3O SE ESQUE\u00c7A QUE O COVID MATA!<\/div>\n<div dir=\"auto\"><\/div>\n<\/div>\n<div dir=\"auto\">Fonte: https:\/\/www.facebook.com\/prefeituradracena<\/div>\n","protected":false},"excerpt":{"rendered":"<p>BOLETIM EPIDEMIOL\u00d3GICO COVID 19 SEXTA-FEIRA (26\/03) Suspeitos: 30 Suspeitos domiciliar: 30 Suspeito hospitalar: 0 Confirmados: 3.901 Curados: 3.548 Tratamento hospitalar: 30 Isolamento domiciliar: 171 \u00d3bitos: 152 ALERTA Nas \u00faltimas 24h, foram confirmados 18 casos positivos de covid. Nas \u00faltimas 24h, o n\u00famero de pacientes que se curaram \u00e9 de 59. CUIDE DE VOC\u00ca E DE [&hellip;]<\/p>\n","protected":false},"author":1,"featured_media":45275,"comment_status":"closed","ping_status":"open","sticky":false,"template":"","format":"standard","meta":{"footnotes":""},"categories":[179,184,110],"tags":[],"class_list":["post-45274","post","type-post","status-publish","format-standard","has-post-thumbnail","hentry","category-cidadeseregiao","category-dracena","category-noticiasdestaque"],"_links":{"self":[{"href":"https:\/\/jorgezanoni.com.br\/2019\/wp-json\/wp\/v2\/posts\/45274","targetHints":{"allow":["GET"]}}],"collection":[{"href":"https:\/\/jorgezanoni.com.br\/2019\/wp-json\/wp\/v2\/posts"}],"about":[{"href":"https:\/\/jorgezanoni.com.br\/2019\/wp-json\/wp\/v2\/types\/post"}],"author":[{"embeddable":true,"href":"https:\/\/jorgezanoni.com.br\/2019\/wp-json\/wp\/v2\/users\/1"}],"replies":[{"embeddable":true,"href":"https:\/\/jorgezanoni.com.br\/2019\/wp-json\/wp\/v2\/comments?post=45274"}],"version-history":[{"count":0,"href":"https:\/\/jorgezanoni.com.br\/2019\/wp-json\/wp\/v2\/posts\/45274\/revisions"}],"wp:featuredmedia":[{"embeddable":true,"href":"https:\/\/jorgezanoni.com.br\/2019\/wp-json\/wp\/v2\/media\/45275"}],"wp:attachment":[{"href":"https:\/\/jorgezanoni.com.br\/2019\/wp-json\/wp\/v2\/media?parent=45274"}],"wp:term":[{"taxonomy":"category","embeddable":true,"href":"https:\/\/jorgezanoni.com.br\/2019\/wp-json\/wp\/v2\/categories?post=45274"},{"taxonomy":"post_tag","embeddable":true,"href":"https:\/\/jorgezanoni.com.br\/2019\/wp-json\/wp\/v2\/tags?post=45274"}],"curies":[{"name":"wp","href":"https:\/\/api.w.org\/{rel}","templated":true}]}}