{"id":45239,"date":"2021-03-26T01:16:29","date_gmt":"2021-03-26T01:16:29","guid":{"rendered":"https:\/\/jorgezanoni.com.br\/2019\/?p=45239"},"modified":"2021-03-26T01:16:29","modified_gmt":"2021-03-26T01:16:29","slug":"morre-o-professor-jose-alfredo-alonso-alfredinho","status":"publish","type":"post","link":"https:\/\/jorgezanoni.com.br\/2019\/morre-o-professor-jose-alfredo-alonso-alfredinho\/","title":{"rendered":"Morre o Professor Jos\u00e9 Alfredo Alonso &#8220;Alfredinho&#8221;"},"content":{"rendered":"<p style=\"text-align: justify;\">Comunicamos com pesar o falecimento do Professor Jos\u00e9 Alfredo Alonso, conhecido Alfredinho, ocorrido hoje (25) na cidade de Ara\u00e7atuba.<\/p>\n<p style=\"text-align: justify;\">Alfredinho foi Professor de Educa\u00e7\u00e3o F\u00edsica na Escola Isac Ferreira Garcez, exerceu cargo de Vereador, foi diretor da extinta CCE (Comiss\u00e3o Central de Esportes), em Dracena.<\/p>\n<p><img loading=\"lazy\" decoding=\"async\" class=\"alignnone size-full wp-image-45241\" src=\"https:\/\/jorgezanoni.com.br\/2019\/wp-content\/uploads\/2021\/03\/J\u00f3se-Alfredo-Alonso1.jpg\" alt=\"\" width=\"1920\" height=\"1080\" srcset=\"https:\/\/jorgezanoni.com.br\/2019\/wp-content\/uploads\/2021\/03\/J\u00f3se-Alfredo-Alonso1.jpg 1920w, https:\/\/jorgezanoni.com.br\/2019\/wp-content\/uploads\/2021\/03\/J\u00f3se-Alfredo-Alonso1-300x169.jpg 300w, https:\/\/jorgezanoni.com.br\/2019\/wp-content\/uploads\/2021\/03\/J\u00f3se-Alfredo-Alonso1-1024x576.jpg 1024w, https:\/\/jorgezanoni.com.br\/2019\/wp-content\/uploads\/2021\/03\/J\u00f3se-Alfredo-Alonso1-768x432.jpg 768w, https:\/\/jorgezanoni.com.br\/2019\/wp-content\/uploads\/2021\/03\/J\u00f3se-Alfredo-Alonso1-1536x864.jpg 1536w, https:\/\/jorgezanoni.com.br\/2019\/wp-content\/uploads\/2021\/03\/J\u00f3se-Alfredo-Alonso1-696x392.jpg 696w, https:\/\/jorgezanoni.com.br\/2019\/wp-content\/uploads\/2021\/03\/J\u00f3se-Alfredo-Alonso1-1068x601.jpg 1068w, https:\/\/jorgezanoni.com.br\/2019\/wp-content\/uploads\/2021\/03\/J\u00f3se-Alfredo-Alonso1-747x420.jpg 747w\" sizes=\"auto, (max-width: 1920px) 100vw, 1920px\" \/><\/p>\n<p style=\"text-align: justify;\">Informa\u00e7\u00f5es do amigo Cl\u00e1udio Della Bandeira<\/p>\n","protected":false},"excerpt":{"rendered":"<p>Comunicamos com pesar o falecimento do Professor Jos\u00e9 Alfredo Alonso, conhecido Alfredinho, ocorrido hoje (25) na cidade de Ara\u00e7atuba. Alfredinho foi Professor de Educa\u00e7\u00e3o F\u00edsica na Escola Isac Ferreira Garcez, exerceu cargo de Vereador, foi diretor da extinta CCE (Comiss\u00e3o Central de Esportes), em Dracena. Informa\u00e7\u00f5es do amigo Cl\u00e1udio Della Bandeira<\/p>\n","protected":false},"author":1,"featured_media":45240,"comment_status":"closed","ping_status":"open","sticky":false,"template":"","format":"standard","meta":{"footnotes":""},"categories":[178,110],"tags":[],"class_list":["post-45239","post","type-post","status-publish","format-standard","has-post-thumbnail","hentry","category-notadefalecimento","category-noticiasdestaque"],"_links":{"self":[{"href":"https:\/\/jorgezanoni.com.br\/2019\/wp-json\/wp\/v2\/posts\/45239","targetHints":{"allow":["GET"]}}],"collection":[{"href":"https:\/\/jorgezanoni.com.br\/2019\/wp-json\/wp\/v2\/posts"}],"about":[{"href":"https:\/\/jorgezanoni.com.br\/2019\/wp-json\/wp\/v2\/types\/post"}],"author":[{"embeddable":true,"href":"https:\/\/jorgezanoni.com.br\/2019\/wp-json\/wp\/v2\/users\/1"}],"replies":[{"embeddable":true,"href":"https:\/\/jorgezanoni.com.br\/2019\/wp-json\/wp\/v2\/comments?post=45239"}],"version-history":[{"count":0,"href":"https:\/\/jorgezanoni.com.br\/2019\/wp-json\/wp\/v2\/posts\/45239\/revisions"}],"wp:featuredmedia":[{"embeddable":true,"href":"https:\/\/jorgezanoni.com.br\/2019\/wp-json\/wp\/v2\/media\/45240"}],"wp:attachment":[{"href":"https:\/\/jorgezanoni.com.br\/2019\/wp-json\/wp\/v2\/media?parent=45239"}],"wp:term":[{"taxonomy":"category","embeddable":true,"href":"https:\/\/jorgezanoni.com.br\/2019\/wp-json\/wp\/v2\/categories?post=45239"},{"taxonomy":"post_tag","embeddable":true,"href":"https:\/\/jorgezanoni.com.br\/2019\/wp-json\/wp\/v2\/tags?post=45239"}],"curies":[{"name":"wp","href":"https:\/\/api.w.org\/{rel}","templated":true}]}}