{"id":45226,"date":"2021-03-25T21:49:28","date_gmt":"2021-03-25T21:49:28","guid":{"rendered":"https:\/\/jorgezanoni.com.br\/2019\/?p=45226"},"modified":"2021-03-25T21:49:28","modified_gmt":"2021-03-25T21:49:28","slug":"pessoas-de-69-anos-ou-mais-serao-vacinadas-contra-a-covid-neste-sabado","status":"publish","type":"post","link":"https:\/\/jorgezanoni.com.br\/2019\/pessoas-de-69-anos-ou-mais-serao-vacinadas-contra-a-covid-neste-sabado\/","title":{"rendered":"Pessoas de 69 anos ou mais ser\u00e3o Vacinadas contra a COVID neste s\u00e1bado"},"content":{"rendered":"<p style=\"text-align: justify;\">A Prefeitura de Dracena atrav\u00e9s da Vigil\u00e2ncia Epidemiol\u00f3gica informa que neste s\u00e1bado, 27, ser\u00e1 realizada a vacina\u00e7\u00e3o COVID para as pessoas de 69 anos ou mais. Tamb\u00e9m ser\u00e3o imunizadas as pessoas com a segunda dose agendada.<\/p>\n<p style=\"text-align: justify;\">\u00c9 necess\u00e1rio levar o RG, CPF e comprovante de resid\u00eancia. Em caso da segunda dose levar o cart\u00e3o que conste a anota\u00e7\u00e3o da primeira.<\/p>\n<p style=\"text-align: justify;\"><strong>CONFIRA OS LOCAIS:<\/strong><\/p>\n<p style=\"text-align: justify;\">ESF do Jardim Brasil\u00e2ndia<\/p>\n<p style=\"text-align: justify;\">Posto de Sa\u00fade do Jardim Santa Clara<\/p>\n<p style=\"text-align: justify;\">Escola Municipal Professor Waldomiro Machado<\/p>\n<p style=\"text-align: justify;\">Das 8h \u00e0s 13h.<\/p>\n<p style=\"text-align: justify;\">Lembrando que as pessoas devem ter a idade completa, e quem teve dengue deve aguardar 30 dias ap\u00f3s a alta para tomar a vacina, e quem teve COVID deve aguardar 15 dias.<\/p>\n<p style=\"text-align: justify;\">Fonte: Diretoria de Comunica\u00e7\u00e3o Prefeitura<\/p>\n<p>Imagem Ilustrativa<\/p>\n","protected":false},"excerpt":{"rendered":"<p>A Prefeitura de Dracena atrav\u00e9s da Vigil\u00e2ncia Epidemiol\u00f3gica informa que neste s\u00e1bado, 27, ser\u00e1 realizada a vacina\u00e7\u00e3o COVID para as pessoas de 69 anos ou mais. Tamb\u00e9m ser\u00e3o imunizadas as pessoas com a segunda dose agendada. \u00c9 necess\u00e1rio levar o RG, CPF e comprovante de resid\u00eancia. Em caso da segunda dose levar o cart\u00e3o que [&hellip;]<\/p>\n","protected":false},"author":1,"featured_media":45227,"comment_status":"closed","ping_status":"open","sticky":false,"template":"","format":"standard","meta":{"footnotes":""},"categories":[179,184,110],"tags":[],"class_list":["post-45226","post","type-post","status-publish","format-standard","has-post-thumbnail","hentry","category-cidadeseregiao","category-dracena","category-noticiasdestaque"],"_links":{"self":[{"href":"https:\/\/jorgezanoni.com.br\/2019\/wp-json\/wp\/v2\/posts\/45226","targetHints":{"allow":["GET"]}}],"collection":[{"href":"https:\/\/jorgezanoni.com.br\/2019\/wp-json\/wp\/v2\/posts"}],"about":[{"href":"https:\/\/jorgezanoni.com.br\/2019\/wp-json\/wp\/v2\/types\/post"}],"author":[{"embeddable":true,"href":"https:\/\/jorgezanoni.com.br\/2019\/wp-json\/wp\/v2\/users\/1"}],"replies":[{"embeddable":true,"href":"https:\/\/jorgezanoni.com.br\/2019\/wp-json\/wp\/v2\/comments?post=45226"}],"version-history":[{"count":0,"href":"https:\/\/jorgezanoni.com.br\/2019\/wp-json\/wp\/v2\/posts\/45226\/revisions"}],"wp:featuredmedia":[{"embeddable":true,"href":"https:\/\/jorgezanoni.com.br\/2019\/wp-json\/wp\/v2\/media\/45227"}],"wp:attachment":[{"href":"https:\/\/jorgezanoni.com.br\/2019\/wp-json\/wp\/v2\/media?parent=45226"}],"wp:term":[{"taxonomy":"category","embeddable":true,"href":"https:\/\/jorgezanoni.com.br\/2019\/wp-json\/wp\/v2\/categories?post=45226"},{"taxonomy":"post_tag","embeddable":true,"href":"https:\/\/jorgezanoni.com.br\/2019\/wp-json\/wp\/v2\/tags?post=45226"}],"curies":[{"name":"wp","href":"https:\/\/api.w.org\/{rel}","templated":true}]}}