{"id":45221,"date":"2021-03-25T21:16:33","date_gmt":"2021-03-25T21:16:33","guid":{"rendered":"https:\/\/jorgezanoni.com.br\/2019\/?p=45221"},"modified":"2021-03-25T21:16:33","modified_gmt":"2021-03-25T21:16:33","slug":"prefeito-andre-lemos-se-reune-com-cooperados-na-cotrares-e-afirma-que-buscara-solucao-apos-o-incendio","status":"publish","type":"post","link":"https:\/\/jorgezanoni.com.br\/2019\/prefeito-andre-lemos-se-reune-com-cooperados-na-cotrares-e-afirma-que-buscara-solucao-apos-o-incendio\/","title":{"rendered":"Prefeito Andr\u00e9 Lemos se re\u00fane com cooperados na COTRARES e afirma que buscar\u00e1 solu\u00e7\u00e3o ap\u00f3s o Inc\u00eandio"},"content":{"rendered":"<p style=\"text-align: justify;\">No come\u00e7a da tarde de hoje, 25, o prefeito Andr\u00e9 Lemos esteve na Cooperativa de Trabalho e Reciclagem de Res\u00edduos S\u00f3lidos (Cotrares), em\u00a0Dracena para apoiar o grupo de trabalhadores que tiveram os barrac\u00f5es consumidos por inc\u00eandio durante a madrugada. A Cotrares conta com 47 cooperados.<\/p>\n<p style=\"text-align: justify;\">A secret\u00e1ria de Agricultura, Meio Ambiente e Limpeza P\u00fablica Ana L\u00facia Costa e o presidente do diret\u00f3rio municipal do Patriotas Valter Fernandes acompanharam o prefeito.<\/p>\n<p style=\"text-align: justify;\">O fogo atingiu grande propor\u00e7\u00e3o chegando at\u00e9 a estrutura met\u00e1lica do telhado onde ficam os maquin\u00e1rios usados pelos cooperados.<\/p>\n<p style=\"text-align: justify;\">No local ainda h\u00e1 bastante fuma\u00e7a, e, segundo representantes da Cotrares, a recomenda\u00e7\u00e3o dos Bombeiros \u00e9 para n\u00e3o mexer no material que restou, devido ao risco de acidentes.<\/p>\n<p style=\"text-align: justify;\">O prefeito Andr\u00e9 Lemos levou uma mensagem de f\u00e9 e supera\u00e7\u00e3o ao grupo que est\u00e1 desolado com o ocorrido. \u201cVamos nos levantar juntos e buscaremos uma maneira de resolver tal problema\u201d, frisou.<\/p>\n<p style=\"text-align: justify;\">Muito emocionados, a presidente da Cotrares, Franciele Costa Lima e o vice-presidente Rosalvo Rodrigues, ouviram do prefeito e da secret\u00e1ria Ana L\u00facia que o munic\u00edpio ajudar\u00e1 os cooperados neste primeiro momento com doa\u00e7\u00f5es de cestas b\u00e1sicas, atrav\u00e9s da Secretaria de Assist\u00eancia Social, representada pela secret\u00e1ria Bianca Kozan Lemos.\u00a0 Tamb\u00e9m estudar\u00e1 um local para que os cooperados possam iniciar um trabalho e assim conseguir obter alguma renda.<\/p>\n<p style=\"text-align: justify;\">Andr\u00e9 disse que h\u00e1 expectativa de que na pr\u00f3xima semana possa voltar a ocorrer \u00e0 coleta seletiva de lixo na cidade. Quanto \u00e0 coleta do lixo org\u00e2nico, o recolhimento segue normal.<\/p>\n<p style=\"text-align: justify;\">Foi registrado boletim de ocorr\u00eancia na Pol\u00edcia Civil devido a suspeita de que o inc\u00eandio tenha sido criminoso.<\/p>\n<p style=\"text-align: justify;\">Conforme a Pol\u00edcia Civil, um homem de 36 anos que, segundo uma representante da cooperativa, cometia v\u00e1rios furtos nos barrac\u00f5es, pode ter iniciado as chamas. O homem foi ouvido na Pol\u00edcia, por\u00e9m negou ter ocasionado o inc\u00eandio. Ele foi liberado, mas ser\u00e1 investigado.<\/p>\n<p><img loading=\"lazy\" decoding=\"async\" class=\"alignnone size-full wp-image-45223\" src=\"https:\/\/jorgezanoni.com.br\/2019\/wp-content\/uploads\/2021\/03\/2.jpg\" alt=\"\" width=\"800\" height=\"450\" srcset=\"https:\/\/jorgezanoni.com.br\/2019\/wp-content\/uploads\/2021\/03\/2.jpg 800w, https:\/\/jorgezanoni.com.br\/2019\/wp-content\/uploads\/2021\/03\/2-300x169.jpg 300w, https:\/\/jorgezanoni.com.br\/2019\/wp-content\/uploads\/2021\/03\/2-768x432.jpg 768w, https:\/\/jorgezanoni.com.br\/2019\/wp-content\/uploads\/2021\/03\/2-696x392.jpg 696w, https:\/\/jorgezanoni.com.br\/2019\/wp-content\/uploads\/2021\/03\/2-747x420.jpg 747w\" sizes=\"auto, (max-width: 800px) 100vw, 800px\" \/> <img loading=\"lazy\" decoding=\"async\" class=\"alignnone size-full wp-image-45224\" src=\"https:\/\/jorgezanoni.com.br\/2019\/wp-content\/uploads\/2021\/03\/4.jpg\" alt=\"\" width=\"800\" height=\"450\" srcset=\"https:\/\/jorgezanoni.com.br\/2019\/wp-content\/uploads\/2021\/03\/4.jpg 800w, https:\/\/jorgezanoni.com.br\/2019\/wp-content\/uploads\/2021\/03\/4-300x169.jpg 300w, https:\/\/jorgezanoni.com.br\/2019\/wp-content\/uploads\/2021\/03\/4-768x432.jpg 768w, https:\/\/jorgezanoni.com.br\/2019\/wp-content\/uploads\/2021\/03\/4-696x392.jpg 696w, https:\/\/jorgezanoni.com.br\/2019\/wp-content\/uploads\/2021\/03\/4-747x420.jpg 747w\" sizes=\"auto, (max-width: 800px) 100vw, 800px\" \/><\/p>\n<p style=\"text-align: justify;\">Fonte: Diretoria de Comunica\u00e7\u00e3o\/Prefeitura<\/p>\n<p>&nbsp;<\/p>\n","protected":false},"excerpt":{"rendered":"<p>No come\u00e7a da tarde de hoje, 25, o prefeito Andr\u00e9 Lemos esteve na Cooperativa de Trabalho e Reciclagem de Res\u00edduos S\u00f3lidos (Cotrares), em\u00a0Dracena para apoiar o grupo de trabalhadores que tiveram os barrac\u00f5es consumidos por inc\u00eandio durante a madrugada. A Cotrares conta com 47 cooperados. A secret\u00e1ria de Agricultura, Meio Ambiente e Limpeza P\u00fablica Ana [&hellip;]<\/p>\n","protected":false},"author":1,"featured_media":45222,"comment_status":"closed","ping_status":"open","sticky":false,"template":"","format":"standard","meta":{"footnotes":""},"categories":[179,184,110],"tags":[],"class_list":["post-45221","post","type-post","status-publish","format-standard","has-post-thumbnail","hentry","category-cidadeseregiao","category-dracena","category-noticiasdestaque"],"_links":{"self":[{"href":"https:\/\/jorgezanoni.com.br\/2019\/wp-json\/wp\/v2\/posts\/45221","targetHints":{"allow":["GET"]}}],"collection":[{"href":"https:\/\/jorgezanoni.com.br\/2019\/wp-json\/wp\/v2\/posts"}],"about":[{"href":"https:\/\/jorgezanoni.com.br\/2019\/wp-json\/wp\/v2\/types\/post"}],"author":[{"embeddable":true,"href":"https:\/\/jorgezanoni.com.br\/2019\/wp-json\/wp\/v2\/users\/1"}],"replies":[{"embeddable":true,"href":"https:\/\/jorgezanoni.com.br\/2019\/wp-json\/wp\/v2\/comments?post=45221"}],"version-history":[{"count":0,"href":"https:\/\/jorgezanoni.com.br\/2019\/wp-json\/wp\/v2\/posts\/45221\/revisions"}],"wp:featuredmedia":[{"embeddable":true,"href":"https:\/\/jorgezanoni.com.br\/2019\/wp-json\/wp\/v2\/media\/45222"}],"wp:attachment":[{"href":"https:\/\/jorgezanoni.com.br\/2019\/wp-json\/wp\/v2\/media?parent=45221"}],"wp:term":[{"taxonomy":"category","embeddable":true,"href":"https:\/\/jorgezanoni.com.br\/2019\/wp-json\/wp\/v2\/categories?post=45221"},{"taxonomy":"post_tag","embeddable":true,"href":"https:\/\/jorgezanoni.com.br\/2019\/wp-json\/wp\/v2\/tags?post=45221"}],"curies":[{"name":"wp","href":"https:\/\/api.w.org\/{rel}","templated":true}]}}