{"id":45177,"date":"2021-03-25T00:07:18","date_gmt":"2021-03-25T00:07:18","guid":{"rendered":"https:\/\/jorgezanoni.com.br\/2019\/?p=45177"},"modified":"2021-03-25T00:07:18","modified_gmt":"2021-03-25T00:07:18","slug":"atencao-para-vacina-covid-19-pessoas-com-69-70-e-71-anos","status":"publish","type":"post","link":"https:\/\/jorgezanoni.com.br\/2019\/atencao-para-vacina-covid-19-pessoas-com-69-70-e-71-anos\/","title":{"rendered":"Aten\u00e7\u00e3o para Vacina COVID-19, pessoas com 69, 70 e 71 anos"},"content":{"rendered":"<div class=\"kvgmc6g5 cxmmr5t8 oygrvhab hcukyx3x c1et5uql ii04i59q\">\n<div dir=\"auto\" style=\"text-align: justify;\"><strong>ATEN\u00c7\u00c3O PARA VACINA COVID 19\u00a0<\/strong><\/div>\n<div dir=\"auto\" style=\"text-align: justify;\"><\/div>\n<\/div>\n<div class=\"o9v6fnle cxmmr5t8 oygrvhab hcukyx3x c1et5uql ii04i59q\" style=\"text-align: justify;\">\n<div dir=\"auto\">A Prefeitura de Dracena, atrav\u00e9s da Vigil\u00e2ncia Epidemiol\u00f3gica informa que nesta quinta e sexta-feira, 25 e 26\/03, a vacina\u00e7\u00e3o estar\u00e1 liberada para as pessoas de 69, 70 e 71 anos.<\/div>\n<div dir=\"auto\">Tamb\u00e9m ser\u00e3o imunizadas as pessoas com a segunda dose agendada.<\/div>\n<\/div>\n<div class=\"o9v6fnle cxmmr5t8 oygrvhab hcukyx3x c1et5uql ii04i59q\" style=\"text-align: justify;\">\n<div dir=\"auto\">\u00c9 necess\u00e1rio levar o RG, CPF e comprovante de vacina\u00e7\u00e3o da 1\u00aa dose e comprovante de resid\u00eancia.<\/div>\n<\/div>\n<div class=\"o9v6fnle cxmmr5t8 oygrvhab hcukyx3x c1et5uql ii04i59q\" style=\"text-align: justify;\">\n<div dir=\"auto\">Confira os locais:<\/div>\n<div dir=\"auto\">Escola Municipal Luiza Rossa Ribeiro<\/div>\n<div dir=\"auto\">Escola Municipal Jo\u00e3o Vendramini<\/div>\n<div dir=\"auto\">Escola CEP\/UME<\/div>\n<div dir=\"auto\">Ser\u00e1 das 8hs \u00e0s 13hs.<\/div>\n<\/div>\n<div class=\"o9v6fnle cxmmr5t8 oygrvhab hcukyx3x c1et5uql ii04i59q\">\n<div dir=\"auto\" style=\"text-align: justify;\"><\/div>\n<div dir=\"auto\" style=\"text-align: justify;\">Lembrando que as pessoas devem ter a idade completa, e quem teve dengue deve aguardar 30 dias ap\u00f3s a alta para tomar a vacina, e pessoas que tiveram COVID devem aguardar 15 dias.<\/div>\n<div dir=\"auto\"><\/div>\n<\/div>\n<div dir=\"auto\">Fonte: https:\/\/www.facebook.com\/prefeituradracena<\/div>\n","protected":false},"excerpt":{"rendered":"<p>ATEN\u00c7\u00c3O PARA VACINA COVID 19\u00a0 A Prefeitura de Dracena, atrav\u00e9s da Vigil\u00e2ncia Epidemiol\u00f3gica informa que nesta quinta e sexta-feira, 25 e 26\/03, a vacina\u00e7\u00e3o estar\u00e1 liberada para as pessoas de 69, 70 e 71 anos. Tamb\u00e9m ser\u00e3o imunizadas as pessoas com a segunda dose agendada. \u00c9 necess\u00e1rio levar o RG, CPF e comprovante de vacina\u00e7\u00e3o [&hellip;]<\/p>\n","protected":false},"author":1,"featured_media":45178,"comment_status":"closed","ping_status":"open","sticky":false,"template":"","format":"standard","meta":{"footnotes":""},"categories":[179,184,110],"tags":[],"class_list":["post-45177","post","type-post","status-publish","format-standard","has-post-thumbnail","hentry","category-cidadeseregiao","category-dracena","category-noticiasdestaque"],"_links":{"self":[{"href":"https:\/\/jorgezanoni.com.br\/2019\/wp-json\/wp\/v2\/posts\/45177","targetHints":{"allow":["GET"]}}],"collection":[{"href":"https:\/\/jorgezanoni.com.br\/2019\/wp-json\/wp\/v2\/posts"}],"about":[{"href":"https:\/\/jorgezanoni.com.br\/2019\/wp-json\/wp\/v2\/types\/post"}],"author":[{"embeddable":true,"href":"https:\/\/jorgezanoni.com.br\/2019\/wp-json\/wp\/v2\/users\/1"}],"replies":[{"embeddable":true,"href":"https:\/\/jorgezanoni.com.br\/2019\/wp-json\/wp\/v2\/comments?post=45177"}],"version-history":[{"count":0,"href":"https:\/\/jorgezanoni.com.br\/2019\/wp-json\/wp\/v2\/posts\/45177\/revisions"}],"wp:featuredmedia":[{"embeddable":true,"href":"https:\/\/jorgezanoni.com.br\/2019\/wp-json\/wp\/v2\/media\/45178"}],"wp:attachment":[{"href":"https:\/\/jorgezanoni.com.br\/2019\/wp-json\/wp\/v2\/media?parent=45177"}],"wp:term":[{"taxonomy":"category","embeddable":true,"href":"https:\/\/jorgezanoni.com.br\/2019\/wp-json\/wp\/v2\/categories?post=45177"},{"taxonomy":"post_tag","embeddable":true,"href":"https:\/\/jorgezanoni.com.br\/2019\/wp-json\/wp\/v2\/tags?post=45177"}],"curies":[{"name":"wp","href":"https:\/\/api.w.org\/{rel}","templated":true}]}}