{"id":45170,"date":"2021-03-24T22:13:55","date_gmt":"2021-03-24T22:13:55","guid":{"rendered":"https:\/\/jorgezanoni.com.br\/2019\/?p=45170"},"modified":"2021-03-24T22:13:55","modified_gmt":"2021-03-24T22:13:55","slug":"novo-decreto-da-fase-vermelha-em-dracena-permite-comercio-em-geral-no-sabado-porem-apenas-por-drive-thru-e-delivery","status":"publish","type":"post","link":"https:\/\/jorgezanoni.com.br\/2019\/novo-decreto-da-fase-vermelha-em-dracena-permite-comercio-em-geral-no-sabado-porem-apenas-por-drive-thru-e-delivery\/","title":{"rendered":"Novo decreto da Fase Vermelha em Dracena permite com\u00e9rcio em geral no s\u00e1bado, por\u00e9m apenas por Drive Thru e Delivery"},"content":{"rendered":"<div>\n<div id=\"cont-noticia\">\n<p style=\"text-align: justify;\">O prefeito Andr\u00e9 Lemos, de Dracena assinou o decreto n\u00ba 7.410 &#8211; de 23 de mar\u00e7o de 2021 que disp\u00f5e sobre a ado\u00e7\u00e3o de medidas de enfrentamento da pandemia decorrente do COVID-19 e manuten\u00e7\u00e3o do munic\u00edpio para a Fase 01 -Vermelha, do Plano S\u00e3o Paulo, regulamenta o toque de recolher e restringe a circula\u00e7\u00e3o de pessoas aos finais de semana.<\/p>\n<p style=\"text-align: justify;\"><strong><u>Confira as principais altera\u00e7\u00f5es:<\/u><\/strong><\/p>\n<p style=\"text-align: justify;\"><strong>SEUNDA A SEXTA &#8211; TOQUE DE RECOLHER<\/strong><\/p>\n<p style=\"text-align: justify;\">*Segunda a sexta-feira, de 22h \u00e0s 6h, permitido delivery at\u00e9 \u00e0s 23h<\/p>\n<p style=\"text-align: justify;\">*Os estabelecimentos comerciais que possuem alvar\u00e1 de funcionamento, ap\u00f3s as 22 horas, dever\u00e3o obedecer ao toque de recolher que come\u00e7a \u00e0s 22h.<\/p>\n<p style=\"text-align: justify;\"><strong>FEIRA LIVRE<\/strong><\/p>\n<p style=\"text-align: justify;\">*\u00c0s quartas-feiras a feira da Avenida Rui Barbosa volta a ocorrer, por\u00e9m sem consumo no local, no hor\u00e1rio das 16h \u00e0s 21h. Aos domingos n\u00e3o haver\u00e1, devido ao lockdown.<\/p>\n<p style=\"text-align: justify;\"><strong>S\u00c1BADO<\/strong><\/p>\n<p style=\"text-align: justify;\"><u>*Funcionamento do com\u00e9rcio at\u00e9 \u00e0s 12h \u00a0<\/u><\/p>\n<ul style=\"text-align: justify;\">\n<li>com\u00e9rcio em geral (atacadista e varejista) &#8211; somente por delivery e drive thru;<\/li>\n<li>alimenta\u00e7\u00e3o: supermercados, minimercados, armaz\u00e9ns, a\u00e7ougues, sacol\u00f5es e varej\u00f5es, padarias (que possuem mais de 350 metros quadrados);<\/li>\n<li>distribuidoras de \u00e1gua e g\u00e1s, lojas de conveni\u00eancia;<\/li>\n<li>veterin\u00e1rias e pet shop;<\/li>\n<li>constru\u00e7\u00e3o civil, marmoraria e serralheria;<\/li>\n<li>postos de combust\u00edveis, oficina de ve\u00edculos automotores, auto el\u00e9trica, lava r\u00e1pido, estabelecimentos comerciais de pe\u00e7as e acess\u00f3rios para ve\u00edculos automotores, borracharias;<\/li>\n<li>comercializa\u00e7\u00e3o de suplementos alimentares;<\/li>\n<li>transportadoras; cl\u00ednicas de fisioterapia, academia de esportes de todas as modalidades nos termos do \u00a7\u00a7 4\u00ba e 5\u00b0, do artigo 8\u00ba, centros de gin\u00e1sticas, pilates e cong\u00eaneres com atendimento a pacientes de reabilita\u00e7\u00e3o p\u00f3s-covid; autoescolas, despachantes), sendo permitido, no que couber, drive thru at\u00e9 as 12h e delivery.<\/li>\n<\/ul>\n<p style=\"text-align: justify;\"><strong><u>Funcionamento de 12h \u00e0s 15h de s\u00e1bado (com atendimento presencial)<\/u><\/strong><\/p>\n<ul style=\"text-align: justify;\">\n<li>padarias, a\u00e7ougues, sacol\u00f5es, varej\u00f5es, mercearias, minimercados e mercados com at\u00e9 350m\u00b2. Lembrando que dever\u00e3o ser seguidas as regras do \u00a7 3\u00b0 do artigo 12.<\/li>\n<\/ul>\n<p style=\"text-align: justify;\"><strong><u>Funcionamento at\u00e9 \u00e0s 23h (por delivery)<\/u><\/strong><\/p>\n<ul style=\"text-align: justify;\">\n<li>farm\u00e1cia, restaurantes, lanchonetes, pastelarias, rotisserias, sorveterias, pizzarias, padarias, lojas de conveni\u00eancia, com\u00e9rcio de food truck, carrinhos de lanches e trailers de lanches;<\/li>\n<\/ul>\n<p style=\"text-align: justify;\"><strong>LOCKDOWN &#8211; COME\u00c7AR\u00c1 A PARTIR DAS 16H DE S\u00c1BADO<\/strong><\/p>\n<p style=\"text-align: justify;\">S\u00e1bado a partir das 16h e se estender\u00e1 at\u00e9 \u00e0s 6h da segunda-feira<\/p>\n<p style=\"text-align: justify;\"><strong>PROIBIDA VENDA DE BEBIDA ALC\u00d3OLICA<\/strong><\/p>\n<p style=\"text-align: justify;\">*Podem ocorrer delivery de farm\u00e1cia, restaurantes, lanchonetes, pastelarias, rotisserias, sorveterias, pizzarias, padarias, lojas de conveni\u00eancia, com\u00e9rcio de food truck, carrinhos de lanches e trailers de lanches at\u00e9 as 23h.<\/p>\n<p style=\"text-align: justify;\">*Proibido drive thru e circula\u00e7\u00e3o de pessoas ap\u00f3s as 16h de s\u00e1bado, salvo exce\u00e7\u00f5es.<\/p>\n<p style=\"text-align: justify;\"><strong>CONFIRA O DECRETO NA \u00cdNTEGRA:<\/strong><\/p>\n<\/div>\n<\/div>\n<div class=\"areaBtnBuscaVereador areaHistoriaVereador\">\n<table class=\"table\">\n<tbody>\n<tr>\n<td><strong>Arquivos para Download abaixo<\/strong><\/td>\n<\/tr>\n<\/tbody>\n<\/table>\n<table class=\"table\">\n<tbody>\n<tr>\n<td>\n<form id=\"arq_abre\" action=\"https:\/\/www.dracena.sp.gov.br\/indexAjax.php?pag=T0RJPU9UVT1PVFE9T1dFPU9HVT1PV1E9T1RZPQ==\" method=\"post\" name=\"arq_abre\" target=\"_blank\"><input src=\"https:\/\/www.weblinesistemas.com\/imagens_camaras\/PDF.jpg\" type=\"image\" \/><\/form>\n<\/td>\n<td>dec7410 &#8211; Fase Vermelha 23-03 (1)- andre.pdf<\/td>\n<\/tr>\n<\/tbody>\n<\/table>\n<\/div>\n<p>Fonte: Diretoria de Comunica\u00e7\u00e3o da Prefeitura<\/p>\n","protected":false},"excerpt":{"rendered":"<p>O prefeito Andr\u00e9 Lemos, de Dracena assinou o decreto n\u00ba 7.410 &#8211; de 23 de mar\u00e7o de 2021 que disp\u00f5e sobre a ado\u00e7\u00e3o de medidas de enfrentamento da pandemia decorrente do COVID-19 e manuten\u00e7\u00e3o do munic\u00edpio para a Fase 01 -Vermelha, do Plano S\u00e3o Paulo, regulamenta o toque de recolher e restringe a circula\u00e7\u00e3o de [&hellip;]<\/p>\n","protected":false},"author":1,"featured_media":45171,"comment_status":"closed","ping_status":"open","sticky":false,"template":"","format":"standard","meta":{"footnotes":""},"categories":[179,184,110],"tags":[],"class_list":["post-45170","post","type-post","status-publish","format-standard","has-post-thumbnail","hentry","category-cidadeseregiao","category-dracena","category-noticiasdestaque"],"_links":{"self":[{"href":"https:\/\/jorgezanoni.com.br\/2019\/wp-json\/wp\/v2\/posts\/45170","targetHints":{"allow":["GET"]}}],"collection":[{"href":"https:\/\/jorgezanoni.com.br\/2019\/wp-json\/wp\/v2\/posts"}],"about":[{"href":"https:\/\/jorgezanoni.com.br\/2019\/wp-json\/wp\/v2\/types\/post"}],"author":[{"embeddable":true,"href":"https:\/\/jorgezanoni.com.br\/2019\/wp-json\/wp\/v2\/users\/1"}],"replies":[{"embeddable":true,"href":"https:\/\/jorgezanoni.com.br\/2019\/wp-json\/wp\/v2\/comments?post=45170"}],"version-history":[{"count":0,"href":"https:\/\/jorgezanoni.com.br\/2019\/wp-json\/wp\/v2\/posts\/45170\/revisions"}],"wp:featuredmedia":[{"embeddable":true,"href":"https:\/\/jorgezanoni.com.br\/2019\/wp-json\/wp\/v2\/media\/45171"}],"wp:attachment":[{"href":"https:\/\/jorgezanoni.com.br\/2019\/wp-json\/wp\/v2\/media?parent=45170"}],"wp:term":[{"taxonomy":"category","embeddable":true,"href":"https:\/\/jorgezanoni.com.br\/2019\/wp-json\/wp\/v2\/categories?post=45170"},{"taxonomy":"post_tag","embeddable":true,"href":"https:\/\/jorgezanoni.com.br\/2019\/wp-json\/wp\/v2\/tags?post=45170"}],"curies":[{"name":"wp","href":"https:\/\/api.w.org\/{rel}","templated":true}]}}