{"id":45167,"date":"2021-03-24T19:13:57","date_gmt":"2021-03-24T19:13:57","guid":{"rendered":"https:\/\/jorgezanoni.com.br\/2019\/?p=45167"},"modified":"2021-03-24T19:13:57","modified_gmt":"2021-03-24T19:13:57","slug":"publicitario-e-musico-de-35-anos-morre-eletrocutado","status":"publish","type":"post","link":"https:\/\/jorgezanoni.com.br\/2019\/publicitario-e-musico-de-35-anos-morre-eletrocutado\/","title":{"rendered":"Publicit\u00e1rio e m\u00fasico de 35 anos morre eletrocutado"},"content":{"rendered":"<p style=\"text-align: justify;\">Um publicit\u00e1rio e m\u00fasico de 35 anos de idade morreu na manh\u00e3 de hoje (24), ap\u00f3s sofrer um choque el\u00e9trico quando atuava em uma instala\u00e7\u00e3o residencial no bairro Vista Verde em Adamantina.<\/p>\n<p style=\"text-align: justify;\">Segundo informa\u00e7\u00f5es do Corpo de Bombeiros de Adamantina, a equipe foi acionada e prestou socorro a v\u00edtima Marinho Ferrairo realizando manobras de ressuscita\u00e7\u00e3o cardiopulmonar tanto no local quando no deslocamento da ambul\u00e2ncia para o Pronto Socorro.<\/p>\n<p style=\"text-align: justify;\">Ele deu entrada na unidade de sa\u00fade, permaneceu sob os cuidados m\u00e9dicos e posteriormente foi informado que aconteceu o \u00f3bito.<\/p>\n<p style=\"text-align: justify;\">As primeiras informa\u00e7\u00f5es s\u00e3o de que ele fazia uma instala\u00e7\u00e3o el\u00e9trica e por motivos ainda desconhecidos, sofreu a descarga que seria de 220 volts.<\/p>\n<p style=\"text-align: justify;\">A v\u00edtima era especialista em design gr\u00e1fico e propriet\u00e1rio de uma empresa de comunica\u00e7\u00e3o em Luc\u00e9lia.<\/p>\n<p style=\"text-align: justify;\">Fonte: Folha Regional<\/p>\n","protected":false},"excerpt":{"rendered":"<p>Um publicit\u00e1rio e m\u00fasico de 35 anos de idade morreu na manh\u00e3 de hoje (24), ap\u00f3s sofrer um choque el\u00e9trico quando atuava em uma instala\u00e7\u00e3o residencial no bairro Vista Verde em Adamantina. Segundo informa\u00e7\u00f5es do Corpo de Bombeiros de Adamantina, a equipe foi acionada e prestou socorro a v\u00edtima Marinho Ferrairo realizando manobras de ressuscita\u00e7\u00e3o [&hellip;]<\/p>\n","protected":false},"author":1,"featured_media":45168,"comment_status":"closed","ping_status":"open","sticky":false,"template":"","format":"standard","meta":{"footnotes":""},"categories":[110,2],"tags":[],"class_list":["post-45167","post","type-post","status-publish","format-standard","has-post-thumbnail","hentry","category-noticiasdestaque","category-policial"],"_links":{"self":[{"href":"https:\/\/jorgezanoni.com.br\/2019\/wp-json\/wp\/v2\/posts\/45167","targetHints":{"allow":["GET"]}}],"collection":[{"href":"https:\/\/jorgezanoni.com.br\/2019\/wp-json\/wp\/v2\/posts"}],"about":[{"href":"https:\/\/jorgezanoni.com.br\/2019\/wp-json\/wp\/v2\/types\/post"}],"author":[{"embeddable":true,"href":"https:\/\/jorgezanoni.com.br\/2019\/wp-json\/wp\/v2\/users\/1"}],"replies":[{"embeddable":true,"href":"https:\/\/jorgezanoni.com.br\/2019\/wp-json\/wp\/v2\/comments?post=45167"}],"version-history":[{"count":0,"href":"https:\/\/jorgezanoni.com.br\/2019\/wp-json\/wp\/v2\/posts\/45167\/revisions"}],"wp:featuredmedia":[{"embeddable":true,"href":"https:\/\/jorgezanoni.com.br\/2019\/wp-json\/wp\/v2\/media\/45168"}],"wp:attachment":[{"href":"https:\/\/jorgezanoni.com.br\/2019\/wp-json\/wp\/v2\/media?parent=45167"}],"wp:term":[{"taxonomy":"category","embeddable":true,"href":"https:\/\/jorgezanoni.com.br\/2019\/wp-json\/wp\/v2\/categories?post=45167"},{"taxonomy":"post_tag","embeddable":true,"href":"https:\/\/jorgezanoni.com.br\/2019\/wp-json\/wp\/v2\/tags?post=45167"}],"curies":[{"name":"wp","href":"https:\/\/api.w.org\/{rel}","templated":true}]}}