{"id":45155,"date":"2021-03-24T18:30:14","date_gmt":"2021-03-24T18:30:14","guid":{"rendered":"https:\/\/jorgezanoni.com.br\/2019\/?p=45155"},"modified":"2021-03-24T18:30:14","modified_gmt":"2021-03-24T18:30:14","slug":"morre-jose-gilberto-de-andrade-da-retifica-boa-estrela","status":"publish","type":"post","link":"https:\/\/jorgezanoni.com.br\/2019\/morre-jose-gilberto-de-andrade-da-retifica-boa-estrela\/","title":{"rendered":"Morre Jos\u00e9 Gilberto de Andrade da Ret\u00edfica Boa Estrela"},"content":{"rendered":"<div class=\"kvgmc6g5 cxmmr5t8 oygrvhab hcukyx3x c1et5uql ii04i59q\">\n<div dir=\"auto\" style=\"text-align: justify;\">Comunicamos com pesar o falecimento de Jos\u00e9 Gilberto Andrade de 63 anos.\u00a0 Ele estava internado na UTI da Santa Casa de Dracena e veio a \u00f3bito por complica\u00e7\u00f5es da covid 19.<\/div>\n<div dir=\"auto\" style=\"text-align: justify;\"><\/div>\n<\/div>\n<div class=\"o9v6fnle cxmmr5t8 oygrvhab hcukyx3x c1et5uql ii04i59q\" style=\"text-align: justify;\">\n<div dir=\"auto\">No \u00faltimo s\u00e1bado (20), tamb\u00e9m por complica\u00e7\u00f5es da covid, havia falecido a sua esposa,\u00a0 Luzinete Eras Grande de Andrade de 63 anos.<\/div>\n<div dir=\"auto\"><\/div>\n<\/div>\n<div class=\"o9v6fnle cxmmr5t8 oygrvhab hcukyx3x c1et5uql ii04i59q\" style=\"text-align: justify;\">\n<div dir=\"auto\">Jos\u00e9 trabalhava na Retifica Boa Estrela de Dracena onde era muito querido por todos.<\/div>\n<div dir=\"auto\"><\/div>\n<\/div>\n<div class=\"o9v6fnle cxmmr5t8 oygrvhab hcukyx3x c1et5uql ii04i59q\" style=\"text-align: justify;\">\n<div dir=\"auto\">Jos\u00e9 Gilberto deixa filhos, Ederson, Alex e Hugo, os netos Lucas e Isabella.<\/div>\n<\/div>\n<div class=\"o9v6fnle cxmmr5t8 oygrvhab hcukyx3x c1et5uql ii04i59q\" style=\"text-align: justify;\">\n<div dir=\"auto\">Sepultamento acontecer\u00e1 amanh\u00e3 \u00e0s 09:00 da manh\u00e3\u00a0 do dia 25, no Cemit\u00e9rio Municipal de Dracena.<\/div>\n<div dir=\"auto\"><img loading=\"lazy\" decoding=\"async\" class=\"alignnone size-full wp-image-45156\" src=\"https:\/\/jorgezanoni.com.br\/2019\/wp-content\/uploads\/2021\/03\/Jos\u00e9-Gilberto.jpg\" alt=\"\" width=\"1280\" height=\"1279\" srcset=\"https:\/\/jorgezanoni.com.br\/2019\/wp-content\/uploads\/2021\/03\/Jos\u00e9-Gilberto.jpg 1280w, https:\/\/jorgezanoni.com.br\/2019\/wp-content\/uploads\/2021\/03\/Jos\u00e9-Gilberto-300x300.jpg 300w, https:\/\/jorgezanoni.com.br\/2019\/wp-content\/uploads\/2021\/03\/Jos\u00e9-Gilberto-1024x1024.jpg 1024w, https:\/\/jorgezanoni.com.br\/2019\/wp-content\/uploads\/2021\/03\/Jos\u00e9-Gilberto-150x150.jpg 150w, https:\/\/jorgezanoni.com.br\/2019\/wp-content\/uploads\/2021\/03\/Jos\u00e9-Gilberto-768x767.jpg 768w, https:\/\/jorgezanoni.com.br\/2019\/wp-content\/uploads\/2021\/03\/Jos\u00e9-Gilberto-696x695.jpg 696w, https:\/\/jorgezanoni.com.br\/2019\/wp-content\/uploads\/2021\/03\/Jos\u00e9-Gilberto-1068x1067.jpg 1068w, https:\/\/jorgezanoni.com.br\/2019\/wp-content\/uploads\/2021\/03\/Jos\u00e9-Gilberto-420x420.jpg 420w\" sizes=\"auto, (max-width: 1280px) 100vw, 1280px\" \/><\/div>\n<div dir=\"auto\"><\/div>\n<div dir=\"auto\"><\/div>\n<\/div>\n<div dir=\"auto\" style=\"text-align: justify;\">O Site JZ se solidariza com a fam\u00edlia e amigos neste dif\u00edcil momento.<\/div>\n<div dir=\"auto\"><\/div>\n","protected":false},"excerpt":{"rendered":"<p>Comunicamos com pesar o falecimento de Jos\u00e9 Gilberto Andrade de 63 anos.\u00a0 Ele estava internado na UTI da Santa Casa de Dracena e veio a \u00f3bito por complica\u00e7\u00f5es da covid 19. No \u00faltimo s\u00e1bado (20), tamb\u00e9m por complica\u00e7\u00f5es da covid, havia falecido a sua esposa,\u00a0 Luzinete Eras Grande de Andrade de 63 anos. Jos\u00e9 trabalhava [&hellip;]<\/p>\n","protected":false},"author":1,"featured_media":45157,"comment_status":"closed","ping_status":"open","sticky":false,"template":"","format":"standard","meta":{"footnotes":""},"categories":[178,110],"tags":[],"class_list":["post-45155","post","type-post","status-publish","format-standard","has-post-thumbnail","hentry","category-notadefalecimento","category-noticiasdestaque"],"_links":{"self":[{"href":"https:\/\/jorgezanoni.com.br\/2019\/wp-json\/wp\/v2\/posts\/45155","targetHints":{"allow":["GET"]}}],"collection":[{"href":"https:\/\/jorgezanoni.com.br\/2019\/wp-json\/wp\/v2\/posts"}],"about":[{"href":"https:\/\/jorgezanoni.com.br\/2019\/wp-json\/wp\/v2\/types\/post"}],"author":[{"embeddable":true,"href":"https:\/\/jorgezanoni.com.br\/2019\/wp-json\/wp\/v2\/users\/1"}],"replies":[{"embeddable":true,"href":"https:\/\/jorgezanoni.com.br\/2019\/wp-json\/wp\/v2\/comments?post=45155"}],"version-history":[{"count":0,"href":"https:\/\/jorgezanoni.com.br\/2019\/wp-json\/wp\/v2\/posts\/45155\/revisions"}],"wp:featuredmedia":[{"embeddable":true,"href":"https:\/\/jorgezanoni.com.br\/2019\/wp-json\/wp\/v2\/media\/45157"}],"wp:attachment":[{"href":"https:\/\/jorgezanoni.com.br\/2019\/wp-json\/wp\/v2\/media?parent=45155"}],"wp:term":[{"taxonomy":"category","embeddable":true,"href":"https:\/\/jorgezanoni.com.br\/2019\/wp-json\/wp\/v2\/categories?post=45155"},{"taxonomy":"post_tag","embeddable":true,"href":"https:\/\/jorgezanoni.com.br\/2019\/wp-json\/wp\/v2\/tags?post=45155"}],"curies":[{"name":"wp","href":"https:\/\/api.w.org\/{rel}","templated":true}]}}