{"id":45147,"date":"2021-03-24T17:45:50","date_gmt":"2021-03-24T17:45:50","guid":{"rendered":"https:\/\/jorgezanoni.com.br\/2019\/?p=45147"},"modified":"2021-03-24T17:47:38","modified_gmt":"2021-03-24T17:47:38","slug":"edson-kai-toma-posse-como-vice-presidente-da-animes","status":"publish","type":"post","link":"https:\/\/jorgezanoni.com.br\/2019\/edson-kai-toma-posse-como-vice-presidente-da-animes\/","title":{"rendered":"Edson Kai toma posse como vice-presidente da ANIMES"},"content":{"rendered":"<p dir=\"ltr\" style=\"text-align: justify;\">O diretor executivo da Fundec Edson Hissatomi Kai tomou posse na sexta-feira, dia 19 de mar\u00e7o, como vice-presidente da regi\u00e3o Sudeste da ANIMES (Associa\u00e7\u00e3o Nacional das Institui\u00e7\u00f5es Municipais de Ensino Superior). A solenidade foi realizada virtualmente pelo Youtube e organizada pela Assiespe (Associa\u00e7\u00e3o de Institui\u00e7\u00f5es de Ensino Superior de Pernambuco).<\/p>\n<p dir=\"ltr\" style=\"text-align: justify;\">O novo presidente da Associa\u00e7\u00e3o \u00e9 Antonio Henrique Habib Carvalho (Petrolina, PE), presidente do Conselho Estadual de Educa\u00e7\u00e3o de Pernambuco, que recebeu o cargo do presidente 2018\/2020 Marcos Bassi, membro do Conselho Estadual de Educa\u00e7\u00e3o de S\u00e3o Paulo. O novo secret\u00e1rio geral \u00e9 Eduardo Vella, diretor geral da Fema de Assis e presidente da Associa\u00e7\u00e3o das Institui\u00e7\u00f5es Municipais de Ensino Superior de S\u00e3o Paulo (AIMES). Os vice-presidentes regionais 2021\/2023 s\u00e3o Edson Hissatomi Kai (Sudeste), diretor executivo da Fundec e membro do Conselho Estadual de Educa\u00e7\u00e3o de S\u00e3o Paulo; Alberto Barella (Centro-Oeste), reitor da Universidade de Rio Verde de Goi\u00e1s; Aristides Cimadon (Sul), reitor da Unoesc-SC e membro do Conselho Nacional de Educa\u00e7\u00e3o e Roberto Coelho (Norte e Nordeste), ex-presidente da Autarquia de Ensino Superior de Arcoverde \u2013 AESA, e Secret\u00e1rio da Associa\u00e7\u00e3o das Institui\u00e7\u00f5es de Ensino Superior de Pernambuco \u2013 ASSIESPE.<br \/>\nA ANIMES \u00e9 uma associa\u00e7\u00e3o que re\u00fane escolas de ensino superior de todo o Pa\u00eds.<br \/>\nDurante a solenidade, o presidente Antonio Habib agradeceu todos os participantes e enviou cumprimentos a todos os profissionais da educa\u00e7\u00e3o. &#8220;Quero agradecer e dizer a todos que darei o meu maior esfor\u00e7o para contribuir para a educa\u00e7\u00e3o&#8221;, ressaltou o presidente em seu discurso.<\/p>\n<p style=\"text-align: justify;\"><span id=\"gmail-docs-internal-guid-756e129f-7fff-b235-3fa1-64e1868845f8\">Edson Kai considera a Animes um \u00f3rg\u00e3o de grande representatividade federal, estadual e municipal, pois traz para o cen\u00e1rio educacional superior do pa\u00eds a exist\u00eancia dessas Institui\u00e7\u00f5es Municipais, que h\u00e1 bem pouco tempo eram quase que desconhecidas para os \u00f3rg\u00e3os educacionais competentes, embora a maioria delas tenha mais de meio s\u00e9culo de atua\u00e7\u00e3o em diversos estados brasileiros.<\/span><\/p>\n<p><img loading=\"lazy\" decoding=\"async\" class=\"alignnone size-full wp-image-45148\" src=\"https:\/\/jorgezanoni.com.br\/2019\/wp-content\/uploads\/2021\/03\/kai.png\" alt=\"\" width=\"1212\" height=\"539\" srcset=\"https:\/\/jorgezanoni.com.br\/2019\/wp-content\/uploads\/2021\/03\/kai.png 1212w, https:\/\/jorgezanoni.com.br\/2019\/wp-content\/uploads\/2021\/03\/kai-300x133.png 300w, https:\/\/jorgezanoni.com.br\/2019\/wp-content\/uploads\/2021\/03\/kai-1024x455.png 1024w, https:\/\/jorgezanoni.com.br\/2019\/wp-content\/uploads\/2021\/03\/kai-768x342.png 768w, https:\/\/jorgezanoni.com.br\/2019\/wp-content\/uploads\/2021\/03\/kai-696x310.png 696w, https:\/\/jorgezanoni.com.br\/2019\/wp-content\/uploads\/2021\/03\/kai-1068x475.png 1068w, https:\/\/jorgezanoni.com.br\/2019\/wp-content\/uploads\/2021\/03\/kai-944x420.png 944w\" sizes=\"auto, (max-width: 1212px) 100vw, 1212px\" \/>Carolina Colnago<\/p>\n<div class=\"gmail_signature\" dir=\"ltr\">\n<div dir=\"ltr\">Assistente de Comunica\u00e7\u00e3o<br \/>\nFunda\u00e7\u00e3o Dracenense de Educa\u00e7\u00e3o e Cultura<\/div>\n<\/div>\n","protected":false},"excerpt":{"rendered":"<p>O diretor executivo da Fundec Edson Hissatomi Kai tomou posse na sexta-feira, dia 19 de mar\u00e7o, como vice-presidente da regi\u00e3o Sudeste da ANIMES (Associa\u00e7\u00e3o Nacional das Institui\u00e7\u00f5es Municipais de Ensino Superior). A solenidade foi realizada virtualmente pelo Youtube e organizada pela Assiespe (Associa\u00e7\u00e3o de Institui\u00e7\u00f5es de Ensino Superior de Pernambuco). O novo presidente da Associa\u00e7\u00e3o [&hellip;]<\/p>\n","protected":false},"author":1,"featured_media":45149,"comment_status":"closed","ping_status":"open","sticky":false,"template":"","format":"standard","meta":{"footnotes":""},"categories":[110,122],"tags":[],"class_list":["post-45147","post","type-post","status-publish","format-standard","has-post-thumbnail","hentry","category-noticiasdestaque","category-saudeeducacaoeconcurso"],"_links":{"self":[{"href":"https:\/\/jorgezanoni.com.br\/2019\/wp-json\/wp\/v2\/posts\/45147","targetHints":{"allow":["GET"]}}],"collection":[{"href":"https:\/\/jorgezanoni.com.br\/2019\/wp-json\/wp\/v2\/posts"}],"about":[{"href":"https:\/\/jorgezanoni.com.br\/2019\/wp-json\/wp\/v2\/types\/post"}],"author":[{"embeddable":true,"href":"https:\/\/jorgezanoni.com.br\/2019\/wp-json\/wp\/v2\/users\/1"}],"replies":[{"embeddable":true,"href":"https:\/\/jorgezanoni.com.br\/2019\/wp-json\/wp\/v2\/comments?post=45147"}],"version-history":[{"count":0,"href":"https:\/\/jorgezanoni.com.br\/2019\/wp-json\/wp\/v2\/posts\/45147\/revisions"}],"wp:featuredmedia":[{"embeddable":true,"href":"https:\/\/jorgezanoni.com.br\/2019\/wp-json\/wp\/v2\/media\/45149"}],"wp:attachment":[{"href":"https:\/\/jorgezanoni.com.br\/2019\/wp-json\/wp\/v2\/media?parent=45147"}],"wp:term":[{"taxonomy":"category","embeddable":true,"href":"https:\/\/jorgezanoni.com.br\/2019\/wp-json\/wp\/v2\/categories?post=45147"},{"taxonomy":"post_tag","embeddable":true,"href":"https:\/\/jorgezanoni.com.br\/2019\/wp-json\/wp\/v2\/tags?post=45147"}],"curies":[{"name":"wp","href":"https:\/\/api.w.org\/{rel}","templated":true}]}}