{"id":45144,"date":"2021-03-24T17:27:21","date_gmt":"2021-03-24T17:27:21","guid":{"rendered":"https:\/\/jorgezanoni.com.br\/2019\/?p=45144"},"modified":"2021-03-24T17:27:21","modified_gmt":"2021-03-24T17:27:21","slug":"unifadra-convida-para-seminarios-de-educacao-fisica","status":"publish","type":"post","link":"https:\/\/jorgezanoni.com.br\/2019\/unifadra-convida-para-seminarios-de-educacao-fisica\/","title":{"rendered":"Unifadra convida para Semin\u00e1rios de Educa\u00e7\u00e3o F\u00edsica"},"content":{"rendered":"<p dir=\"ltr\" style=\"text-align: justify;\"><strong>O evento \u00e9 on-line, aberto, gratuito e com emiss\u00e3o de certificado.<\/strong><\/p>\n<p dir=\"ltr\" style=\"text-align: justify;\">Com um formato virtual, em raz\u00e3o da pandemia, o curso de Educa\u00e7\u00e3o F\u00edsica da Unifadra\/Fundec de Dracena realizar\u00e1, durante todo o semestre, semin\u00e1rios gratuitos e abertos a alunos, profissionais e \u00e0 comunidade externa. O evento ser\u00e1 transmitido via Google Meet e Youtube.<br \/>\nAbrindo o ciclo de palestras, a Profa. Dra. Denise Rodrigues Bueno, coordenadora do curso de Educa\u00e7\u00e3o F\u00edsica da Unifadra, abordar\u00e1 o tema &#8220;Evolu\u00e7\u00e3o da contribui\u00e7\u00e3o da atividade f\u00edsica no contexto da sa\u00fade p\u00fablica&#8221;, no dia 24\/03, \u00e0s 20h. Inscri\u00e7\u00f5es: <a href=\"https:\/\/forms.gle\/sTpWw4pHesqJ5f2z6\" target=\"_blank\" rel=\"noopener noreferrer\">https:\/\/forms.gle\/sTpWw4pHesqJ5f2z6<\/a>\u00a0 (link meet: <a href=\"https:\/\/meet.google.com\/zgk-soxn-crj\" target=\"_blank\" rel=\"noopener noreferrer\">https:\/\/meet.google.com\/zgk-soxn-crj<\/a> ).<br \/>\nNo dia 28\/04, \u00e0s 20h, o palestrante convidado Prof. Dr. \u00cdtalo Ribeiro Lemes abordar\u00e1 o tema &#8220;Evid\u00eancias da atividade f\u00edsica como promotora de sa\u00fade&#8221;. (link meet:\u00a0 <a href=\"https:\/\/meet.google.com\/tcy-cads-hdx\" target=\"_blank\" rel=\"noopener noreferrer\">https:\/\/meet.google.com\/tcy-cads-hdx<\/a> ).<br \/>\nO Prof. Dr. R\u00f4mulo Ara\u00fajo Fernandes, docente curso Educa\u00e7\u00e3o F\u00edsica da Unesp de Presidente Prudente, falar\u00e1 sobre &#8220;Atividade f\u00edsica e esporte na inf\u00e2ncia e adolesc\u00eancia&#8221;, no dia 19\/05, \u00e0s 20h. (link meet: <a href=\"https:\/\/meet.google.com\/nzz-sabh-mua\" target=\"_blank\" rel=\"noopener noreferrer\">https:\/\/meet.google.com\/nzz-sabh-mua<\/a> )<\/p>\n<p style=\"text-align: justify;\"><span id=\"gmail-docs-internal-guid-ac86b939-7fff-4f68-0bc0-016061e69c0c\">Encerrando o ciclo de palestras, o Prof. Esp. Rubens Rolllo Cavalin, docente da Unifadra, abordar\u00e1 o tema &#8220;Alcan\u00e7ando o sucesso em sua carreira&#8221;, no dia 10\/06, \u00e0s 20h. (link meet: <a href=\"https:\/\/meet.google.com\/egf-uzcf-bda\" target=\"_blank\" rel=\"noopener noreferrer\">https:\/\/meet.google.com\/egf-uzcf-bda<\/a> )<br \/>\nPelo Youtube, as palestras ser\u00e3o transmitidas no canal da Fundec, no link <a href=\"https:\/\/www.youtube.com\/user\/fundecedu\/videos\" target=\"_blank\" rel=\"noopener noreferrer\">https:\/\/www.youtube.com\/user\/fundecedu\/videos<\/a> .<br \/>\nA Profa. Dra. Denise Bueno destacou a import\u00e2ncia do evento para os alunos da Unifadra e tamb\u00e9m para a comunidade externa. &#8220;Foram convidados professores com vasto conhecimento nas suas \u00e1reas. Esperamos que todos aproveitem a oportunidade de ouvi-los falar.&#8221;<br \/>\nO Prof. Dr. Enio Garbelini, diretor acad\u00eamico da Unifadra, ressaltou que os temas a serem abordados neste evento s\u00e3o muito importantes para a sociedade em geral. <\/span><\/p>\n<div class=\"gmail_signature\" dir=\"ltr\">\n<div dir=\"ltr\" style=\"text-align: justify;\">Carolina Colnago<br \/>\nAssistente de Comunica\u00e7\u00e3o<br \/>\nFunda\u00e7\u00e3o Dracenense de Educa\u00e7\u00e3o e Cultura<\/div>\n<\/div>\n","protected":false},"excerpt":{"rendered":"<p>O evento \u00e9 on-line, aberto, gratuito e com emiss\u00e3o de certificado. Com um formato virtual, em raz\u00e3o da pandemia, o curso de Educa\u00e7\u00e3o F\u00edsica da Unifadra\/Fundec de Dracena realizar\u00e1, durante todo o semestre, semin\u00e1rios gratuitos e abertos a alunos, profissionais e \u00e0 comunidade externa. O evento ser\u00e1 transmitido via Google Meet e Youtube. Abrindo o [&hellip;]<\/p>\n","protected":false},"author":1,"featured_media":45145,"comment_status":"closed","ping_status":"open","sticky":false,"template":"","format":"standard","meta":{"footnotes":""},"categories":[122],"tags":[],"class_list":["post-45144","post","type-post","status-publish","format-standard","has-post-thumbnail","hentry","category-saudeeducacaoeconcurso"],"_links":{"self":[{"href":"https:\/\/jorgezanoni.com.br\/2019\/wp-json\/wp\/v2\/posts\/45144","targetHints":{"allow":["GET"]}}],"collection":[{"href":"https:\/\/jorgezanoni.com.br\/2019\/wp-json\/wp\/v2\/posts"}],"about":[{"href":"https:\/\/jorgezanoni.com.br\/2019\/wp-json\/wp\/v2\/types\/post"}],"author":[{"embeddable":true,"href":"https:\/\/jorgezanoni.com.br\/2019\/wp-json\/wp\/v2\/users\/1"}],"replies":[{"embeddable":true,"href":"https:\/\/jorgezanoni.com.br\/2019\/wp-json\/wp\/v2\/comments?post=45144"}],"version-history":[{"count":0,"href":"https:\/\/jorgezanoni.com.br\/2019\/wp-json\/wp\/v2\/posts\/45144\/revisions"}],"wp:featuredmedia":[{"embeddable":true,"href":"https:\/\/jorgezanoni.com.br\/2019\/wp-json\/wp\/v2\/media\/45145"}],"wp:attachment":[{"href":"https:\/\/jorgezanoni.com.br\/2019\/wp-json\/wp\/v2\/media?parent=45144"}],"wp:term":[{"taxonomy":"category","embeddable":true,"href":"https:\/\/jorgezanoni.com.br\/2019\/wp-json\/wp\/v2\/categories?post=45144"},{"taxonomy":"post_tag","embeddable":true,"href":"https:\/\/jorgezanoni.com.br\/2019\/wp-json\/wp\/v2\/tags?post=45144"}],"curies":[{"name":"wp","href":"https:\/\/api.w.org\/{rel}","templated":true}]}}