{"id":45110,"date":"2021-03-24T11:26:49","date_gmt":"2021-03-24T11:26:49","guid":{"rendered":"https:\/\/jorgezanoni.com.br\/2019\/?p=45110"},"modified":"2021-03-24T11:26:49","modified_gmt":"2021-03-24T11:26:49","slug":"morre-o-conhecido-helinho-da-ambulancia-de-dracena","status":"publish","type":"post","link":"https:\/\/jorgezanoni.com.br\/2019\/morre-o-conhecido-helinho-da-ambulancia-de-dracena\/","title":{"rendered":"Morre o conhecido Helinho da Ambul\u00e2ncia de Dracena"},"content":{"rendered":"<div class=\"kvgmc6g5 cxmmr5t8 oygrvhab hcukyx3x c1et5uql ii04i59q\">\n<div dir=\"auto\" style=\"text-align: justify;\">Comunicamos com pesar o falecimento de H\u00e9lio Claudino de Souza, (Helinho da Ambul\u00e2ncia) de 55 anos. Ele estava internado na UTI Santa Casa de Dracena e veio a \u00f3bito na madrugada desta quarta-feira (24) por complica\u00e7\u00f5es da Covid 19.<\/div>\n<div dir=\"auto\" style=\"text-align: justify;\"><\/div>\n<\/div>\n<div class=\"o9v6fnle cxmmr5t8 oygrvhab hcukyx3x c1et5uql ii04i59q\" style=\"text-align: justify;\">\n<div dir=\"auto\">H\u00e9lio \u00e9 pai da Fernanda Carolina Padovan Souza Barreto que faleceu tamb\u00e9m por complica\u00e7\u00f5es da Covid no \u00faltimo dia 19. A Esposa que tamb\u00e9m estava internada por covid deixou a Santa Casa ontem.<\/div>\n<div dir=\"auto\"><\/div>\n<\/div>\n<div class=\"o9v6fnle cxmmr5t8 oygrvhab hcukyx3x c1et5uql ii04i59q\">\n<div dir=\"auto\" style=\"text-align: justify;\">O Sepultamento acontecer\u00e1 \u00e0s 09:00 da manh\u00e3 no cemit\u00e9rio de Dracena.<\/div>\n<div dir=\"auto\"><\/div>\n<div dir=\"auto\">o Site JZ se solidariza com a fam\u00edlia e amigos neste dif\u00edcil momento.<\/div>\n<\/div>\n","protected":false},"excerpt":{"rendered":"<p>Comunicamos com pesar o falecimento de H\u00e9lio Claudino de Souza, (Helinho da Ambul\u00e2ncia) de 55 anos. Ele estava internado na UTI Santa Casa de Dracena e veio a \u00f3bito na madrugada desta quarta-feira (24) por complica\u00e7\u00f5es da Covid 19. H\u00e9lio \u00e9 pai da Fernanda Carolina Padovan Souza Barreto que faleceu tamb\u00e9m por complica\u00e7\u00f5es da Covid [&hellip;]<\/p>\n","protected":false},"author":1,"featured_media":45111,"comment_status":"closed","ping_status":"open","sticky":false,"template":"","format":"standard","meta":{"footnotes":""},"categories":[178,110],"tags":[],"class_list":["post-45110","post","type-post","status-publish","format-standard","has-post-thumbnail","hentry","category-notadefalecimento","category-noticiasdestaque"],"_links":{"self":[{"href":"https:\/\/jorgezanoni.com.br\/2019\/wp-json\/wp\/v2\/posts\/45110","targetHints":{"allow":["GET"]}}],"collection":[{"href":"https:\/\/jorgezanoni.com.br\/2019\/wp-json\/wp\/v2\/posts"}],"about":[{"href":"https:\/\/jorgezanoni.com.br\/2019\/wp-json\/wp\/v2\/types\/post"}],"author":[{"embeddable":true,"href":"https:\/\/jorgezanoni.com.br\/2019\/wp-json\/wp\/v2\/users\/1"}],"replies":[{"embeddable":true,"href":"https:\/\/jorgezanoni.com.br\/2019\/wp-json\/wp\/v2\/comments?post=45110"}],"version-history":[{"count":0,"href":"https:\/\/jorgezanoni.com.br\/2019\/wp-json\/wp\/v2\/posts\/45110\/revisions"}],"wp:featuredmedia":[{"embeddable":true,"href":"https:\/\/jorgezanoni.com.br\/2019\/wp-json\/wp\/v2\/media\/45111"}],"wp:attachment":[{"href":"https:\/\/jorgezanoni.com.br\/2019\/wp-json\/wp\/v2\/media?parent=45110"}],"wp:term":[{"taxonomy":"category","embeddable":true,"href":"https:\/\/jorgezanoni.com.br\/2019\/wp-json\/wp\/v2\/categories?post=45110"},{"taxonomy":"post_tag","embeddable":true,"href":"https:\/\/jorgezanoni.com.br\/2019\/wp-json\/wp\/v2\/tags?post=45110"}],"curies":[{"name":"wp","href":"https:\/\/api.w.org\/{rel}","templated":true}]}}