{"id":45099,"date":"2021-03-24T01:01:48","date_gmt":"2021-03-24T01:01:48","guid":{"rendered":"https:\/\/jorgezanoni.com.br\/2019\/?p=45099"},"modified":"2021-03-24T01:02:29","modified_gmt":"2021-03-24T01:02:29","slug":"rua-bolivia-tem-lampadas-queimadas-ha-meses","status":"publish","type":"post","link":"https:\/\/jorgezanoni.com.br\/2019\/rua-bolivia-tem-lampadas-queimadas-ha-meses\/","title":{"rendered":"Rua Bol\u00edvia tem l\u00e2mpadas queimadas h\u00e1 meses"},"content":{"rendered":"<p style=\"text-align: justify;\">Moradores da Rua Bol\u00edvia reclamam que desde dezembro de 2020, do Forum at\u00e9 a EMEI Nana Nen\u00ea n\u00e3o existe ilumina\u00e7\u00e3o.<\/p>\n<p style=\"text-align: justify;\">Concession\u00e1ria e Prefeitura j\u00e1 foram comunicadas diversas vezes e o problema continua.<\/p>\n<p style=\"text-align: justify;\">Pedem provid\u00eancias.<\/p>\n<p><img loading=\"lazy\" decoding=\"async\" class=\"alignnone size-full wp-image-45100\" src=\"https:\/\/jorgezanoni.com.br\/2019\/wp-content\/uploads\/2021\/03\/boLIVIA.jpg\" alt=\"\" width=\"719\" height=\"1280\" srcset=\"https:\/\/jorgezanoni.com.br\/2019\/wp-content\/uploads\/2021\/03\/boLIVIA.jpg 719w, https:\/\/jorgezanoni.com.br\/2019\/wp-content\/uploads\/2021\/03\/boLIVIA-169x300.jpg 169w, https:\/\/jorgezanoni.com.br\/2019\/wp-content\/uploads\/2021\/03\/boLIVIA-575x1024.jpg 575w, https:\/\/jorgezanoni.com.br\/2019\/wp-content\/uploads\/2021\/03\/boLIVIA-696x1239.jpg 696w, https:\/\/jorgezanoni.com.br\/2019\/wp-content\/uploads\/2021\/03\/boLIVIA-236x420.jpg 236w\" sizes=\"auto, (max-width: 719px) 100vw, 719px\" \/><\/p>\n<p style=\"text-align: justify;\">Jorge Zanoni<\/p>\n<p style=\"text-align: justify;\">Fotos de Internauta<\/p>\n<p style=\"text-align: justify;\">\n","protected":false},"excerpt":{"rendered":"<p>Moradores da Rua Bol\u00edvia reclamam que desde dezembro de 2020, do Forum at\u00e9 a EMEI Nana Nen\u00ea n\u00e3o existe ilumina\u00e7\u00e3o. Concession\u00e1ria e Prefeitura j\u00e1 foram comunicadas diversas vezes e o problema continua. Pedem provid\u00eancias. Jorge Zanoni Fotos de Internauta<\/p>\n","protected":false},"author":1,"featured_media":45101,"comment_status":"closed","ping_status":"open","sticky":false,"template":"","format":"standard","meta":{"footnotes":""},"categories":[179,184,110],"tags":[],"class_list":["post-45099","post","type-post","status-publish","format-standard","has-post-thumbnail","hentry","category-cidadeseregiao","category-dracena","category-noticiasdestaque"],"_links":{"self":[{"href":"https:\/\/jorgezanoni.com.br\/2019\/wp-json\/wp\/v2\/posts\/45099","targetHints":{"allow":["GET"]}}],"collection":[{"href":"https:\/\/jorgezanoni.com.br\/2019\/wp-json\/wp\/v2\/posts"}],"about":[{"href":"https:\/\/jorgezanoni.com.br\/2019\/wp-json\/wp\/v2\/types\/post"}],"author":[{"embeddable":true,"href":"https:\/\/jorgezanoni.com.br\/2019\/wp-json\/wp\/v2\/users\/1"}],"replies":[{"embeddable":true,"href":"https:\/\/jorgezanoni.com.br\/2019\/wp-json\/wp\/v2\/comments?post=45099"}],"version-history":[{"count":0,"href":"https:\/\/jorgezanoni.com.br\/2019\/wp-json\/wp\/v2\/posts\/45099\/revisions"}],"wp:featuredmedia":[{"embeddable":true,"href":"https:\/\/jorgezanoni.com.br\/2019\/wp-json\/wp\/v2\/media\/45101"}],"wp:attachment":[{"href":"https:\/\/jorgezanoni.com.br\/2019\/wp-json\/wp\/v2\/media?parent=45099"}],"wp:term":[{"taxonomy":"category","embeddable":true,"href":"https:\/\/jorgezanoni.com.br\/2019\/wp-json\/wp\/v2\/categories?post=45099"},{"taxonomy":"post_tag","embeddable":true,"href":"https:\/\/jorgezanoni.com.br\/2019\/wp-json\/wp\/v2\/tags?post=45099"}],"curies":[{"name":"wp","href":"https:\/\/api.w.org\/{rel}","templated":true}]}}