{"id":45095,"date":"2021-03-24T00:34:53","date_gmt":"2021-03-24T00:34:53","guid":{"rendered":"https:\/\/jorgezanoni.com.br\/2019\/?p=45095"},"modified":"2021-03-24T00:34:53","modified_gmt":"2021-03-24T00:34:53","slug":"mais-um-local-com-lampada-queimada-e-motivo-de-reclamacao","status":"publish","type":"post","link":"https:\/\/jorgezanoni.com.br\/2019\/mais-um-local-com-lampada-queimada-e-motivo-de-reclamacao\/","title":{"rendered":"Mais um local com l\u00e2mpada queimada \u00e9 motivo de reclama\u00e7\u00e3o"},"content":{"rendered":"<p style=\"text-align: justify;\">Desta vez moradores da Avenida Castro Alves, altura do numeral 478, reclamam que h\u00e1 dias tem l\u00e2mpada queimada, que j\u00e1 avisaram a concession\u00e1ria, mas que at\u00e9 agora nada foi feito.<\/p>\n<p style=\"text-align: justify;\">Pedem provid\u00eancia, para que se resolva a situa\u00e7\u00e3o.<\/p>\n<p><img loading=\"lazy\" decoding=\"async\" class=\"alignnone size-full wp-image-45096\" src=\"https:\/\/jorgezanoni.com.br\/2019\/wp-content\/uploads\/2021\/03\/castro.jpg\" alt=\"\" width=\"1280\" height=\"720\" srcset=\"https:\/\/jorgezanoni.com.br\/2019\/wp-content\/uploads\/2021\/03\/castro.jpg 1280w, https:\/\/jorgezanoni.com.br\/2019\/wp-content\/uploads\/2021\/03\/castro-300x169.jpg 300w, https:\/\/jorgezanoni.com.br\/2019\/wp-content\/uploads\/2021\/03\/castro-1024x576.jpg 1024w, https:\/\/jorgezanoni.com.br\/2019\/wp-content\/uploads\/2021\/03\/castro-768x432.jpg 768w, https:\/\/jorgezanoni.com.br\/2019\/wp-content\/uploads\/2021\/03\/castro-696x392.jpg 696w, https:\/\/jorgezanoni.com.br\/2019\/wp-content\/uploads\/2021\/03\/castro-1068x601.jpg 1068w, https:\/\/jorgezanoni.com.br\/2019\/wp-content\/uploads\/2021\/03\/castro-747x420.jpg 747w\" sizes=\"auto, (max-width: 1280px) 100vw, 1280px\" \/><\/p>\n<p>Jorge Zanoni<\/p>\n<p>Fotos de Internauta<\/p>\n","protected":false},"excerpt":{"rendered":"<p>Desta vez moradores da Avenida Castro Alves, altura do numeral 478, reclamam que h\u00e1 dias tem l\u00e2mpada queimada, que j\u00e1 avisaram a concession\u00e1ria, mas que at\u00e9 agora nada foi feito. Pedem provid\u00eancia, para que se resolva a situa\u00e7\u00e3o. Jorge Zanoni Fotos de Internauta<\/p>\n","protected":false},"author":1,"featured_media":45097,"comment_status":"closed","ping_status":"open","sticky":false,"template":"","format":"standard","meta":{"footnotes":""},"categories":[179,184,110],"tags":[],"class_list":["post-45095","post","type-post","status-publish","format-standard","has-post-thumbnail","hentry","category-cidadeseregiao","category-dracena","category-noticiasdestaque"],"_links":{"self":[{"href":"https:\/\/jorgezanoni.com.br\/2019\/wp-json\/wp\/v2\/posts\/45095","targetHints":{"allow":["GET"]}}],"collection":[{"href":"https:\/\/jorgezanoni.com.br\/2019\/wp-json\/wp\/v2\/posts"}],"about":[{"href":"https:\/\/jorgezanoni.com.br\/2019\/wp-json\/wp\/v2\/types\/post"}],"author":[{"embeddable":true,"href":"https:\/\/jorgezanoni.com.br\/2019\/wp-json\/wp\/v2\/users\/1"}],"replies":[{"embeddable":true,"href":"https:\/\/jorgezanoni.com.br\/2019\/wp-json\/wp\/v2\/comments?post=45095"}],"version-history":[{"count":0,"href":"https:\/\/jorgezanoni.com.br\/2019\/wp-json\/wp\/v2\/posts\/45095\/revisions"}],"wp:featuredmedia":[{"embeddable":true,"href":"https:\/\/jorgezanoni.com.br\/2019\/wp-json\/wp\/v2\/media\/45097"}],"wp:attachment":[{"href":"https:\/\/jorgezanoni.com.br\/2019\/wp-json\/wp\/v2\/media?parent=45095"}],"wp:term":[{"taxonomy":"category","embeddable":true,"href":"https:\/\/jorgezanoni.com.br\/2019\/wp-json\/wp\/v2\/categories?post=45095"},{"taxonomy":"post_tag","embeddable":true,"href":"https:\/\/jorgezanoni.com.br\/2019\/wp-json\/wp\/v2\/tags?post=45095"}],"curies":[{"name":"wp","href":"https:\/\/api.w.org\/{rel}","templated":true}]}}