{"id":45092,"date":"2021-03-23T23:57:27","date_gmt":"2021-03-23T23:57:27","guid":{"rendered":"https:\/\/jorgezanoni.com.br\/2019\/?p=45092"},"modified":"2021-03-23T23:57:56","modified_gmt":"2021-03-23T23:57:56","slug":"moradores-reclamam-de-falta-de-energia-em-avenida-de-dracena","status":"publish","type":"post","link":"https:\/\/jorgezanoni.com.br\/2019\/moradores-reclamam-de-falta-de-energia-em-avenida-de-dracena\/","title":{"rendered":"Moradores reclamam de falta de energia em avenida de Dracena"},"content":{"rendered":"<p style=\"text-align: justify;\">Moradores da Avenida Alcides Chacon Couto nas proximidades do 25\u00ba BPM\/I, est\u00e3o reclamando que h\u00e1 dias n\u00e3o existe ilumina\u00e7\u00e3o.<\/p>\n<p style=\"text-align: justify;\">Segundo eles, a concession\u00e1ria j\u00e1 foi comunicada, por\u00e9m at\u00e9 agora n\u00e3o providenciou os reparos.<\/p>\n<p style=\"text-align: justify;\">Pedem provid\u00eancias para que o problema seja resolvido, urgente, at\u00e9 pela quest\u00e3o seguran\u00e7a.<\/p>\n<p style=\"text-align: justify;\">Jorge Zanoni<\/p>\n<p style=\"text-align: justify;\">Foto de Internauta<\/p>\n","protected":false},"excerpt":{"rendered":"<p>Moradores da Avenida Alcides Chacon Couto nas proximidades do 25\u00ba BPM\/I, est\u00e3o reclamando que h\u00e1 dias n\u00e3o existe ilumina\u00e7\u00e3o. Segundo eles, a concession\u00e1ria j\u00e1 foi comunicada, por\u00e9m at\u00e9 agora n\u00e3o providenciou os reparos. Pedem provid\u00eancias para que o problema seja resolvido, urgente, at\u00e9 pela quest\u00e3o seguran\u00e7a. Jorge Zanoni Foto de Internauta<\/p>\n","protected":false},"author":1,"featured_media":45093,"comment_status":"closed","ping_status":"open","sticky":false,"template":"","format":"standard","meta":{"footnotes":""},"categories":[179,184,110],"tags":[],"class_list":["post-45092","post","type-post","status-publish","format-standard","has-post-thumbnail","hentry","category-cidadeseregiao","category-dracena","category-noticiasdestaque"],"_links":{"self":[{"href":"https:\/\/jorgezanoni.com.br\/2019\/wp-json\/wp\/v2\/posts\/45092","targetHints":{"allow":["GET"]}}],"collection":[{"href":"https:\/\/jorgezanoni.com.br\/2019\/wp-json\/wp\/v2\/posts"}],"about":[{"href":"https:\/\/jorgezanoni.com.br\/2019\/wp-json\/wp\/v2\/types\/post"}],"author":[{"embeddable":true,"href":"https:\/\/jorgezanoni.com.br\/2019\/wp-json\/wp\/v2\/users\/1"}],"replies":[{"embeddable":true,"href":"https:\/\/jorgezanoni.com.br\/2019\/wp-json\/wp\/v2\/comments?post=45092"}],"version-history":[{"count":0,"href":"https:\/\/jorgezanoni.com.br\/2019\/wp-json\/wp\/v2\/posts\/45092\/revisions"}],"wp:featuredmedia":[{"embeddable":true,"href":"https:\/\/jorgezanoni.com.br\/2019\/wp-json\/wp\/v2\/media\/45093"}],"wp:attachment":[{"href":"https:\/\/jorgezanoni.com.br\/2019\/wp-json\/wp\/v2\/media?parent=45092"}],"wp:term":[{"taxonomy":"category","embeddable":true,"href":"https:\/\/jorgezanoni.com.br\/2019\/wp-json\/wp\/v2\/categories?post=45092"},{"taxonomy":"post_tag","embeddable":true,"href":"https:\/\/jorgezanoni.com.br\/2019\/wp-json\/wp\/v2\/tags?post=45092"}],"curies":[{"name":"wp","href":"https:\/\/api.w.org\/{rel}","templated":true}]}}