{"id":45089,"date":"2021-03-23T23:42:23","date_gmt":"2021-03-23T23:42:23","guid":{"rendered":"https:\/\/jorgezanoni.com.br\/2019\/?p=45089"},"modified":"2021-03-23T23:43:08","modified_gmt":"2021-03-23T23:43:08","slug":"policia-militar-prende-homem-por-trafico-de-drogas-e-apreende-porcoes-prontas-para-a-venda","status":"publish","type":"post","link":"https:\/\/jorgezanoni.com.br\/2019\/policia-militar-prende-homem-por-trafico-de-drogas-e-apreende-porcoes-prontas-para-a-venda\/","title":{"rendered":"Pol\u00edcia Militar prende homem por Tr\u00e1fico de Drogas e apreende por\u00e7\u00f5es prontas para a venda"},"content":{"rendered":"<p style=\"text-align: justify;\"><strong>25BPMI EM A\u00c7\u00c3O : DEN\u00daNCIA AN\u00d4NIMA E TIROC\u00cdNIO POLICIAL, LEVA A POL\u00cdCIA MILITAR EM DRACENA A PRIS\u00c3O DE HOMEM POR TR\u00c1FICO DE DROGAS E APREENS\u00c3O DE MAIS DE 30 POR\u00c7\u00d5ES PRONTAS PARA A VENDA<\/strong><\/p>\n<p style=\"text-align: justify;\">Local: Rua Nelson Rodrigues Jd. Brasil\u00e2ndia &#8211; Dracena\/SP.\u00a0Indiciado: homem de 22 anos.<br \/>\nAPREENS\u00d5ES: 0,137 Kg de maconha, 01 balan\u00e7a de precis\u00e3o, 01 fa\u00e7a e 01 rolo de papel filme. Registro \u00e0s 13h18m.<\/p>\n<p style=\"text-align: justify;\">NA DATA DE HOJE (23) APOS COPOM IRRADIAR DENUNCIA DE TRAFICO DE DROGAS, A EQUIPE DA POL\u00cdCIA MILITAR SE DIRIGIU AO LOCAL E VISUALIZOU DOIS INDIV\u00cdDUOS NA ENTRADA E OUTROS DOIS NO INTERIOR DE UM ESTABELECIMENTO. E AP\u00d3S ABORDAGEM, FOI LOCALIZADO COM INDICIADO UMA POR\u00c7\u00c3O DE MACONHA EM SUA CINTURA, QUESTIONADO SOBRE O ENTORPECENTE RESPONDEU SER DE SUA PROPRIEDADE PARA SEU USO E COM OS DEMAIS INDIV\u00cdDUOS ABORDADOS NADA DE IL\u00cdCITO FOI LOCALIZADO,. POSTERIORMENTE FORA REALIZADAS BUSCAS NO INTERIOR DO ESTABELECIMENTO COMERCIAL SENDO ENCONTRADA UMA BALAN\u00c7A DE PRECIS\u00c3O, UMA FACA E ROLO DE PAPEL FILME, AO T\u00c9RMINO DA REVISTA NO ESTABELECIMENTO FOI TAMB\u00c9M REALIZADA BUSCAS NA PARTE EXTERNA DO LOCAL NESTE MOMENTO FOI VISTO QUE NO TERRENO AO LADO HAVIA UM CAMINHO\/ RASTRO O QUAL FOI FEITO POR UM DOS POLICIAIS MILITARES E FOI LOGRADO \u00caXITO EM LOCALIZAR UMA SACOLA PRETA E NO SEU INTERIOR 32 POR\u00c7\u00d5ES PARECIDAS A QUE O INDICIADO PORTAVA NA CINTURA NO MOMENTO DA ABORDAGEM.<br \/>\nDIANTE DOS FATOS FOI DADO VOZ DE PRIS\u00c3O AO INDICIADO POR INFRINGIR O ARTIGO 33 DA LEI 11.343\/06, PERMANECENDO PRESO.<\/p>\n<p style=\"text-align: justify;\">Fonte: POL\u00cdCIA MILITAR DO ESTADO DE S\u00c3O PAULO &#8211; CPI-8 25 BPM-I &#8211; 1\u00aa CIA<\/p>\n","protected":false},"excerpt":{"rendered":"<p>25BPMI EM A\u00c7\u00c3O : DEN\u00daNCIA AN\u00d4NIMA E TIROC\u00cdNIO POLICIAL, LEVA A POL\u00cdCIA MILITAR EM DRACENA A PRIS\u00c3O DE HOMEM POR TR\u00c1FICO DE DROGAS E APREENS\u00c3O DE MAIS DE 30 POR\u00c7\u00d5ES PRONTAS PARA A VENDA Local: Rua Nelson Rodrigues Jd. Brasil\u00e2ndia &#8211; Dracena\/SP.\u00a0Indiciado: homem de 22 anos. APREENS\u00d5ES: 0,137 Kg de maconha, 01 balan\u00e7a de precis\u00e3o, [&hellip;]<\/p>\n","protected":false},"author":1,"featured_media":45090,"comment_status":"closed","ping_status":"open","sticky":false,"template":"","format":"standard","meta":{"footnotes":""},"categories":[110,2],"tags":[],"class_list":["post-45089","post","type-post","status-publish","format-standard","has-post-thumbnail","hentry","category-noticiasdestaque","category-policial"],"_links":{"self":[{"href":"https:\/\/jorgezanoni.com.br\/2019\/wp-json\/wp\/v2\/posts\/45089","targetHints":{"allow":["GET"]}}],"collection":[{"href":"https:\/\/jorgezanoni.com.br\/2019\/wp-json\/wp\/v2\/posts"}],"about":[{"href":"https:\/\/jorgezanoni.com.br\/2019\/wp-json\/wp\/v2\/types\/post"}],"author":[{"embeddable":true,"href":"https:\/\/jorgezanoni.com.br\/2019\/wp-json\/wp\/v2\/users\/1"}],"replies":[{"embeddable":true,"href":"https:\/\/jorgezanoni.com.br\/2019\/wp-json\/wp\/v2\/comments?post=45089"}],"version-history":[{"count":0,"href":"https:\/\/jorgezanoni.com.br\/2019\/wp-json\/wp\/v2\/posts\/45089\/revisions"}],"wp:featuredmedia":[{"embeddable":true,"href":"https:\/\/jorgezanoni.com.br\/2019\/wp-json\/wp\/v2\/media\/45090"}],"wp:attachment":[{"href":"https:\/\/jorgezanoni.com.br\/2019\/wp-json\/wp\/v2\/media?parent=45089"}],"wp:term":[{"taxonomy":"category","embeddable":true,"href":"https:\/\/jorgezanoni.com.br\/2019\/wp-json\/wp\/v2\/categories?post=45089"},{"taxonomy":"post_tag","embeddable":true,"href":"https:\/\/jorgezanoni.com.br\/2019\/wp-json\/wp\/v2\/tags?post=45089"}],"curies":[{"name":"wp","href":"https:\/\/api.w.org\/{rel}","templated":true}]}}