{"id":45086,"date":"2021-03-23T22:23:11","date_gmt":"2021-03-23T22:23:11","guid":{"rendered":"https:\/\/jorgezanoni.com.br\/2019\/?p=45086"},"modified":"2021-03-23T22:23:11","modified_gmt":"2021-03-23T22:23:11","slug":"boletim-atualizado-da-covid-19-da-secretaria-municipal-de-saude-de-dracena-23-03-21","status":"publish","type":"post","link":"https:\/\/jorgezanoni.com.br\/2019\/boletim-atualizado-da-covid-19-da-secretaria-municipal-de-saude-de-dracena-23-03-21\/","title":{"rendered":"Boletim atualizado da COVID-19 da Secretaria Municipal de Sa\u00fade de Dracena 23\/03\/21"},"content":{"rendered":"<div class=\"kvgmc6g5 cxmmr5t8 oygrvhab hcukyx3x c1et5uql ii04i59q\">\n<div dir=\"auto\" style=\"text-align: justify;\">BOLETIM EPIDEMIOL\u00d3GICO<\/div>\n<div dir=\"auto\" style=\"text-align: justify;\">TER\u00c7A-FEIRA (23\/03)<\/div>\n<\/div>\n<div class=\"o9v6fnle cxmmr5t8 oygrvhab hcukyx3x c1et5uql ii04i59q\" style=\"text-align: justify;\">\n<div dir=\"auto\">Suspeitos: 35<\/div>\n<div dir=\"auto\">Suspeitos Domiciliar: 35<\/div>\n<div dir=\"auto\">Suspeitos Hospitalar: 0<\/div>\n<\/div>\n<div class=\"o9v6fnle cxmmr5t8 oygrvhab hcukyx3x c1et5uql ii04i59q\" style=\"text-align: justify;\">\n<div dir=\"auto\">Confirmados: 3.842<\/div>\n<div dir=\"auto\">Curados: 3.242<\/div>\n<div dir=\"auto\">Isolamento domiciliar: 429<\/div>\n<div dir=\"auto\">Tratamento Hospitalar: 29<\/div>\n<div dir=\"auto\">\u00d3bitos: 142<\/div>\n<div dir=\"auto\"><\/div>\n<\/div>\n<div class=\"o9v6fnle cxmmr5t8 oygrvhab hcukyx3x c1et5uql ii04i59q\">\n<div dir=\"auto\" style=\"text-align: justify;\">ALERTA\u00a0<span class=\"pq6dq46d tbxw36s4 knj5qynh kvgmc6g5 ditlmg2l oygrvhab nvdbi5me sf5mxxl7 gl3lb2sf hhz5lgdu\"><br \/>\n<\/span><\/div>\n<div dir=\"auto\" style=\"text-align: justify;\">Nas \u00faltimas 24 horas, foram confirmados novos 26 casos de covid na cidade.<\/div>\n<div dir=\"auto\" style=\"text-align: justify;\">O n\u00famero de curados, no mesmo per\u00edodo \u00e9 de 150 pessoas.<\/div>\n<div dir=\"auto\"><\/div>\n<\/div>\n<div class=\"o9v6fnle cxmmr5t8 oygrvhab hcukyx3x c1et5uql ii04i59q\">\n<div dir=\"auto\">VAMOS MANTER OS CUIDADOS!<\/div>\n<div dir=\"auto\">USE M\u00c1SCARA<\/div>\n<div dir=\"auto\">HIGIENIZE AS M\u00c3OS<\/div>\n<div dir=\"auto\">N\u00c3O AGLOMERE<\/div>\n<div dir=\"auto\"><\/div>\n<\/div>\n<div dir=\"auto\">Fonte: https:\/\/www.facebook.com\/prefeituradracena<\/div>\n","protected":false},"excerpt":{"rendered":"<p>BOLETIM EPIDEMIOL\u00d3GICO TER\u00c7A-FEIRA (23\/03) Suspeitos: 35 Suspeitos Domiciliar: 35 Suspeitos Hospitalar: 0 Confirmados: 3.842 Curados: 3.242 Isolamento domiciliar: 429 Tratamento Hospitalar: 29 \u00d3bitos: 142 ALERTA\u00a0 Nas \u00faltimas 24 horas, foram confirmados novos 26 casos de covid na cidade. O n\u00famero de curados, no mesmo per\u00edodo \u00e9 de 150 pessoas. VAMOS MANTER OS CUIDADOS! USE M\u00c1SCARA [&hellip;]<\/p>\n","protected":false},"author":1,"featured_media":45087,"comment_status":"closed","ping_status":"open","sticky":false,"template":"","format":"standard","meta":{"footnotes":""},"categories":[179,184,110],"tags":[],"class_list":["post-45086","post","type-post","status-publish","format-standard","has-post-thumbnail","hentry","category-cidadeseregiao","category-dracena","category-noticiasdestaque"],"_links":{"self":[{"href":"https:\/\/jorgezanoni.com.br\/2019\/wp-json\/wp\/v2\/posts\/45086","targetHints":{"allow":["GET"]}}],"collection":[{"href":"https:\/\/jorgezanoni.com.br\/2019\/wp-json\/wp\/v2\/posts"}],"about":[{"href":"https:\/\/jorgezanoni.com.br\/2019\/wp-json\/wp\/v2\/types\/post"}],"author":[{"embeddable":true,"href":"https:\/\/jorgezanoni.com.br\/2019\/wp-json\/wp\/v2\/users\/1"}],"replies":[{"embeddable":true,"href":"https:\/\/jorgezanoni.com.br\/2019\/wp-json\/wp\/v2\/comments?post=45086"}],"version-history":[{"count":0,"href":"https:\/\/jorgezanoni.com.br\/2019\/wp-json\/wp\/v2\/posts\/45086\/revisions"}],"wp:featuredmedia":[{"embeddable":true,"href":"https:\/\/jorgezanoni.com.br\/2019\/wp-json\/wp\/v2\/media\/45087"}],"wp:attachment":[{"href":"https:\/\/jorgezanoni.com.br\/2019\/wp-json\/wp\/v2\/media?parent=45086"}],"wp:term":[{"taxonomy":"category","embeddable":true,"href":"https:\/\/jorgezanoni.com.br\/2019\/wp-json\/wp\/v2\/categories?post=45086"},{"taxonomy":"post_tag","embeddable":true,"href":"https:\/\/jorgezanoni.com.br\/2019\/wp-json\/wp\/v2\/tags?post=45086"}],"curies":[{"name":"wp","href":"https:\/\/api.w.org\/{rel}","templated":true}]}}