{"id":45075,"date":"2021-03-23T21:09:39","date_gmt":"2021-03-23T21:09:39","guid":{"rendered":"https:\/\/jorgezanoni.com.br\/2019\/?p=45075"},"modified":"2021-03-23T21:09:39","modified_gmt":"2021-03-23T21:09:39","slug":"morre-americo-lanzoni-filho-pessoa-muito-querida-na-comunidade-dracenense","status":"publish","type":"post","link":"https:\/\/jorgezanoni.com.br\/2019\/morre-americo-lanzoni-filho-pessoa-muito-querida-na-comunidade-dracenense\/","title":{"rendered":"Morre Am\u00e9rico Lanzoni Filho, pessoa muito querida na comunidade dracenense"},"content":{"rendered":"<p style=\"text-align: justify;\">Comunicamos com pesar o falecimento do sr. Am\u00e9rico Lanzoni Filho de 69 anos. Ele estava internado h\u00e1 cerca de 15 dias intubado, na UTI do Hospital S\u00edrio Liban\u00eas na capital paulista.<\/p>\n<p style=\"text-align: justify;\">Segundo informa\u00e7\u00f5es de familiares, Lanzoni havia passado por COVID, ap\u00f3s praticamente recuperado, teve complica\u00e7\u00f5es pulmonares e veio a \u00f3bito na manh\u00e3 desta ter\u00e7a-feira (23).<\/p>\n<p style=\"text-align: justify;\">Era divorciado da senhora Elvira maria Gragnano e deixa os filhos Mirella e Am\u00e9riquinho, netos Kalil e Luisa, nora Samira, enteado Enzo, demais familiares e amigos.<\/p>\n<p style=\"text-align: justify;\">A fam\u00edlia que \u00e9 propriet\u00e1ria da Casa de Eventros Celebrit\u00e1, inaugurada na d\u00e9cada de 2.000, agradece a todos pelas manifesta\u00e7\u00f5es de carinho e solidariedade, em especial aos enfermeiros Tiago e Vanessa que estiveram sempre ao lado do Sr. Am\u00e9rico.<\/p>\n<p><img loading=\"lazy\" decoding=\"async\" class=\"alignnone size-full wp-image-45078\" src=\"https:\/\/jorgezanoni.com.br\/2019\/wp-content\/uploads\/2021\/03\/Americo-2.jpg\" alt=\"\" width=\"466\" height=\"743\" srcset=\"https:\/\/jorgezanoni.com.br\/2019\/wp-content\/uploads\/2021\/03\/Americo-2.jpg 466w, https:\/\/jorgezanoni.com.br\/2019\/wp-content\/uploads\/2021\/03\/Americo-2-188x300.jpg 188w, https:\/\/jorgezanoni.com.br\/2019\/wp-content\/uploads\/2021\/03\/Americo-2-263x420.jpg 263w\" sizes=\"auto, (max-width: 466px) 100vw, 466px\" \/><\/p>\n<p style=\"text-align: justify;\">O Site JZ se solidariza com a fam\u00edlia e a grande legi\u00e3o de amigos neste dif\u00edcil momento.<\/p>\n<p style=\"text-align: justify;\">Jorge Zanoni<\/p>\n<div class=\"kvgmc6g5 cxmmr5t8 oygrvhab hcukyx3x c1et5uql ii04i59q\" style=\"text-align: justify;\"><\/div>\n<div class=\"o9v6fnle cxmmr5t8 oygrvhab hcukyx3x c1et5uql ii04i59q\">\n<div dir=\"auto\" style=\"text-align: justify;\"><\/div>\n<div dir=\"auto\" style=\"text-align: justify;\"><\/div>\n<\/div>\n","protected":false},"excerpt":{"rendered":"<p>Comunicamos com pesar o falecimento do sr. Am\u00e9rico Lanzoni Filho de 69 anos. Ele estava internado h\u00e1 cerca de 15 dias intubado, na UTI do Hospital S\u00edrio Liban\u00eas na capital paulista. Segundo informa\u00e7\u00f5es de familiares, Lanzoni havia passado por COVID, ap\u00f3s praticamente recuperado, teve complica\u00e7\u00f5es pulmonares e veio a \u00f3bito na manh\u00e3 desta ter\u00e7a-feira (23). [&hellip;]<\/p>\n","protected":false},"author":1,"featured_media":45079,"comment_status":"closed","ping_status":"open","sticky":false,"template":"","format":"standard","meta":{"footnotes":""},"categories":[178,110],"tags":[],"class_list":["post-45075","post","type-post","status-publish","format-standard","has-post-thumbnail","hentry","category-notadefalecimento","category-noticiasdestaque"],"_links":{"self":[{"href":"https:\/\/jorgezanoni.com.br\/2019\/wp-json\/wp\/v2\/posts\/45075","targetHints":{"allow":["GET"]}}],"collection":[{"href":"https:\/\/jorgezanoni.com.br\/2019\/wp-json\/wp\/v2\/posts"}],"about":[{"href":"https:\/\/jorgezanoni.com.br\/2019\/wp-json\/wp\/v2\/types\/post"}],"author":[{"embeddable":true,"href":"https:\/\/jorgezanoni.com.br\/2019\/wp-json\/wp\/v2\/users\/1"}],"replies":[{"embeddable":true,"href":"https:\/\/jorgezanoni.com.br\/2019\/wp-json\/wp\/v2\/comments?post=45075"}],"version-history":[{"count":0,"href":"https:\/\/jorgezanoni.com.br\/2019\/wp-json\/wp\/v2\/posts\/45075\/revisions"}],"wp:featuredmedia":[{"embeddable":true,"href":"https:\/\/jorgezanoni.com.br\/2019\/wp-json\/wp\/v2\/media\/45079"}],"wp:attachment":[{"href":"https:\/\/jorgezanoni.com.br\/2019\/wp-json\/wp\/v2\/media?parent=45075"}],"wp:term":[{"taxonomy":"category","embeddable":true,"href":"https:\/\/jorgezanoni.com.br\/2019\/wp-json\/wp\/v2\/categories?post=45075"},{"taxonomy":"post_tag","embeddable":true,"href":"https:\/\/jorgezanoni.com.br\/2019\/wp-json\/wp\/v2\/tags?post=45075"}],"curies":[{"name":"wp","href":"https:\/\/api.w.org\/{rel}","templated":true}]}}