{"id":45057,"date":"2021-03-23T14:32:47","date_gmt":"2021-03-23T14:32:47","guid":{"rendered":"https:\/\/jorgezanoni.com.br\/2019\/?p=45057"},"modified":"2021-03-23T14:32:47","modified_gmt":"2021-03-23T14:32:47","slug":"o-genocida-por-vladimir-de-mattos","status":"publish","type":"post","link":"https:\/\/jorgezanoni.com.br\/2019\/o-genocida-por-vladimir-de-mattos\/","title":{"rendered":"O Genocida (por Vladimir de Mattos)"},"content":{"rendered":"<p style=\"text-align: justify;\"><strong>O GENOCIDA<\/strong><\/p>\n<p style=\"text-align: justify;\">Voc\u00ea sabe o significado do termo \u201cgenocida\u201d?<\/p>\n<p style=\"text-align: justify;\">Segundo o dicion\u00e1rio, tal adjetivo significa aquele <em>\u201cque produz genoc\u00eddio, aniquilando grupos humanos atrav\u00e9s da utiliza\u00e7\u00e3o de diferentes formas de exterm\u00ednio: pobreza genocida\u201d.<\/em><\/p>\n<p style=\"text-align: justify;\">Pois bem, compreendido o termo em quest\u00e3o, vamos aos fatos e \u00e0 hist\u00f3ria!<\/p>\n<p style=\"text-align: justify;\">Havia um presidente de um pa\u00eds que chegou ao poder atrav\u00e9s do voto popular, sendo eleito com 65% dos votos, embora muitos digam que as elei\u00e7\u00f5es tenham sido fraudulentas em raz\u00e3o da forma de vota\u00e7\u00e3o&#8230;<\/p>\n<p style=\"text-align: justify;\">Ele foi eleito prometendo combater a corrup\u00e7\u00e3o.<\/p>\n<p style=\"text-align: justify;\">Ele era radicalmente contra o socialismo e o comunismo.<\/p>\n<p style=\"text-align: justify;\">Ele se elegeu prometendo \u201clivrar o pa\u00eds da esquerda\u201d e melhorar a vida do povo&#8230;<\/p>\n<p style=\"text-align: justify;\">Ele foi militar do ex\u00e9rcito de seu pa\u00eds e dizia-se patriota e nacionalista, defensor da fam\u00edlia, da moral e dos bons costumes!<\/p>\n<p style=\"text-align: justify;\">Ele era muito popular e defendido por seus apoiadores, que criticavam os jornais por supostamente \u201cpersegui-lo\u201d, defendendo a extin\u00e7\u00e3o da imprensa e o fechamento do Senado e da C\u00e2mara dos Deputados&#8230;<\/p>\n<p style=\"text-align: justify;\">Ele odiava jornais, sindicatos e discursos da esquerda.<\/p>\n<p style=\"text-align: justify;\">Ele sofreu um atentado e isso o fortaleceu ainda mais, pois seus seguidores o viam como um \u201cenviado de Deus\u201d perseguido pelos \u201cseguidores do mal\u201d, ou seja, os \u201cesquerdistas\u201d.<\/p>\n<p style=\"text-align: justify;\">Ele era negacionista e acreditava que muitos partidos pol\u00edticos atrapalhavam seu governo, o que fazia seus seguidores defenderem a extin\u00e7\u00e3o dos partidos e a cria\u00e7\u00e3o de mil\u00edcias para defend\u00ea-lo.<\/p>\n<p style=\"text-align: justify;\">Ele tamb\u00e9m falava muitas palavras de baixo cal\u00e3o e n\u00e3o hesitava em fazer piadas e coment\u00e1rios preconceituosos e homof\u00f3bicos contra gays, homossexuais em geral e qualquer tipo de comportamento que ele considerasse \u201canormal\u201d&#8230;<\/p>\n<p style=\"text-align: justify;\">Empolgados com a lideran\u00e7a do genocida, muitos de seus seguidores amea\u00e7avam e at\u00e9 agrediam opositores, principalmente os \u201cde esquerda\u201d, os homossexuais e todos aqueles que eles consideravam a reencarna\u00e7\u00e3o do dem\u00f4nio.<\/p>\n<p style=\"text-align: justify;\">Por suas a\u00e7\u00f5es diretas, pela sua incompet\u00eancia e pelo seu negacionismo, o genocida foi acusado de ser o respons\u00e1vel direto ou indireto pela morte de milhares de pessoas em seu pais, embora seus apoiadores nunca tenham admitido isso.<\/p>\n<p style=\"text-align: justify;\">Mas a\u00ed veio uma crise econ\u00f4mica mundial e as coisas come\u00e7aram a mudar.<\/p>\n<p style=\"text-align: justify;\">Ele foi se enfraquecendo, a fome, o desemprego e a mis\u00e9ria come\u00e7aram a tomar conta do pa\u00eds e, aos poucos, a popula\u00e7\u00e3o foi se revoltando contra ele.<\/p>\n<p style=\"text-align: justify;\">O pa\u00eds que ele governava caminhou para uma esp\u00e9cie de \u201cguerra civil\u201d, com movimentos armados contra e a favor dele, o genocida.<\/p>\n<p style=\"text-align: justify;\">Finalmente ele foi capturado por guerrilheiros de seu pa\u00eds, que o executaram juntamente com sua amante e alguns de seus apoiadores, sendo seus corpos expostos, por alguns dias, pendurados de cabe\u00e7a para baixo em uma pra\u00e7a p\u00fablica para execra\u00e7\u00e3o popular.<\/p>\n<p style=\"text-align: justify;\">Mas, afinal de contas, quem foi esse genocida?<\/p>\n<p style=\"text-align: justify;\">Benito Amilcare Andrea Mussolini, pol\u00edtico e militar italiano morto em 28 de abril de 1945 juntamente com sua amante Clara Petacci e seus fi\u00e9is escudeiros Pavolini e Starace, tendo seus corpos expostos \u2013 pendurados de cabe\u00e7a para baixo \u2013 na Piazza Loreto, em Mil\u00e3o, na It\u00e1lia.<\/p>\n<p style=\"text-align: justify;\">\u201cIL FASCISMO NON PASSER\u00c1\u201d<\/p>\n<p style=\"text-align: justify;\"><a href=\"mailto:vladimirdemattos@hotmail.com\">vladimirdemattos@hotmail.com<\/a><\/p>\n","protected":false},"excerpt":{"rendered":"<p>O GENOCIDA Voc\u00ea sabe o significado do termo \u201cgenocida\u201d? Segundo o dicion\u00e1rio, tal adjetivo significa aquele \u201cque produz genoc\u00eddio, aniquilando grupos humanos atrav\u00e9s da utiliza\u00e7\u00e3o de diferentes formas de exterm\u00ednio: pobreza genocida\u201d. Pois bem, compreendido o termo em quest\u00e3o, vamos aos fatos e \u00e0 hist\u00f3ria! Havia um presidente de um pa\u00eds que chegou ao poder [&hellip;]<\/p>\n","protected":false},"author":1,"featured_media":45058,"comment_status":"closed","ping_status":"open","sticky":false,"template":"","format":"standard","meta":{"footnotes":""},"categories":[175],"tags":[],"class_list":["post-45057","post","type-post","status-publish","format-standard","has-post-thumbnail","hentry","category-artigos"],"_links":{"self":[{"href":"https:\/\/jorgezanoni.com.br\/2019\/wp-json\/wp\/v2\/posts\/45057","targetHints":{"allow":["GET"]}}],"collection":[{"href":"https:\/\/jorgezanoni.com.br\/2019\/wp-json\/wp\/v2\/posts"}],"about":[{"href":"https:\/\/jorgezanoni.com.br\/2019\/wp-json\/wp\/v2\/types\/post"}],"author":[{"embeddable":true,"href":"https:\/\/jorgezanoni.com.br\/2019\/wp-json\/wp\/v2\/users\/1"}],"replies":[{"embeddable":true,"href":"https:\/\/jorgezanoni.com.br\/2019\/wp-json\/wp\/v2\/comments?post=45057"}],"version-history":[{"count":0,"href":"https:\/\/jorgezanoni.com.br\/2019\/wp-json\/wp\/v2\/posts\/45057\/revisions"}],"wp:featuredmedia":[{"embeddable":true,"href":"https:\/\/jorgezanoni.com.br\/2019\/wp-json\/wp\/v2\/media\/45058"}],"wp:attachment":[{"href":"https:\/\/jorgezanoni.com.br\/2019\/wp-json\/wp\/v2\/media?parent=45057"}],"wp:term":[{"taxonomy":"category","embeddable":true,"href":"https:\/\/jorgezanoni.com.br\/2019\/wp-json\/wp\/v2\/categories?post=45057"},{"taxonomy":"post_tag","embeddable":true,"href":"https:\/\/jorgezanoni.com.br\/2019\/wp-json\/wp\/v2\/tags?post=45057"}],"curies":[{"name":"wp","href":"https:\/\/api.w.org\/{rel}","templated":true}]}}