{"id":45054,"date":"2021-03-23T14:17:07","date_gmt":"2021-03-23T14:17:07","guid":{"rendered":"https:\/\/jorgezanoni.com.br\/2019\/?p=45054"},"modified":"2021-03-23T14:17:07","modified_gmt":"2021-03-23T14:17:07","slug":"secretaria-de-cultura-abre-inscricao-para-concurso-de-fotografia-online","status":"publish","type":"post","link":"https:\/\/jorgezanoni.com.br\/2019\/secretaria-de-cultura-abre-inscricao-para-concurso-de-fotografia-online\/","title":{"rendered":"Secretaria de Cultura abre inscri\u00e7\u00e3o para Concurso de Fotografia Online"},"content":{"rendered":"<p style=\"text-align: justify;\"><strong>Os selecionados participar\u00e3o de uma exposi\u00e7\u00e3o virtual e a melhor foto ser\u00e1 premiada com R$ 250,00, por categoria.<\/strong><\/p>\n<p style=\"text-align: justify;\">A Secretaria Municipal de Cultura e Turismo, de Dracena, lan\u00e7ou o Concurso de Fotografia On Line \u2018O que meus olhos veem\u2019. As inscri\u00e7\u00f5es para o concurso fotogr\u00e1fico podem ser feitas at\u00e9 o dia 19 de abril. Os selecionados participar\u00e3o de uma exposi\u00e7\u00e3o virtual e a melhor foto ser\u00e1 premiada com R$ 250,00, por categoria.<\/p>\n<p style=\"text-align: justify;\">O secret\u00e1rio respons\u00e1vel pela pasta Douglas Carvalho de Souza comenta: \u201cEm tempos de preven\u00e7\u00e3o da Covid-19, a ideia \u00e9 estimular que os participantes enviem registros do seu cotidiano, expressando sentimentos e vis\u00f5es das situa\u00e7\u00f5es, a partir da viv\u00eancia dentro de casa\u201d.<\/p>\n<p style=\"text-align: justify;\"><strong><u>Categorias<\/u><\/strong><\/p>\n<p style=\"text-align: justify;\">O concurso possui duas categorias. A primeira \u00e9 \u201cpaisagem da janela\u201d, em que o participante registra o que se passa do outro lado.<\/p>\n<p style=\"text-align: justify;\">A segunda categoria \u00e9 a de \u201cretratos\u201d, o objetivo \u00e9 incentivar o envio de fotografias feitas de familiares, animais de estima\u00e7\u00e3o e habitantes do lar, captando com quem o confinamento tem sido dividido.\u00a0Cada participante pode se inscrever nas duas categorias, com uma foto em cada uma delas.\u00a0Os selecionados v\u00e3o participar da exposi\u00e7\u00e3o on line\u00a0 \u201cO que meus olhos veem\u201d, que vai ficar dispon\u00edvel no facebook e instagram da Secretaria de Cultura e Turismo.<\/p>\n<p style=\"text-align: justify;\"><strong><u>Julgamento<\/u><\/strong><\/p>\n<p style=\"text-align: justify;\">As fotos enviadas at\u00e9 o dia 24\/05\/21 ser\u00e3o julgadas por 3 fot\u00f3grafos e tamb\u00e9m atrav\u00e9s do voto popular com a foto mais curtida no Facebook da Secretaria de Cultura e Turismo.<\/p>\n<p style=\"text-align: justify;\"><strong><u>Inscri\u00e7\u00f5es<\/u><\/strong><\/p>\n<p style=\"text-align: justify;\">As inscri\u00e7\u00f5es devem ser feitas atrav\u00e9s do e-mail da Secretaria de Cultura e Turismo: <a href=\"mailto:cultura@dracena.sp.gov.br\">cultura@dracena.sp.gov.br<\/a>, ou pelo whatsapp (18) 99726-6728<\/p>\n<p>Fonte: Diretoria de Comunica\u00e7\u00e3o Prefeitura<\/p>\n<p>Imagem Ilustrativa<\/p>\n<p style=\"text-align: justify;\"><em>\u00a0<\/em><\/p>\n<p style=\"text-align: justify;\">\n","protected":false},"excerpt":{"rendered":"<p>Os selecionados participar\u00e3o de uma exposi\u00e7\u00e3o virtual e a melhor foto ser\u00e1 premiada com R$ 250,00, por categoria. A Secretaria Municipal de Cultura e Turismo, de Dracena, lan\u00e7ou o Concurso de Fotografia On Line \u2018O que meus olhos veem\u2019. As inscri\u00e7\u00f5es para o concurso fotogr\u00e1fico podem ser feitas at\u00e9 o dia 19 de abril. Os [&hellip;]<\/p>\n","protected":false},"author":1,"featured_media":45055,"comment_status":"closed","ping_status":"open","sticky":false,"template":"","format":"standard","meta":{"footnotes":""},"categories":[110,122],"tags":[],"class_list":["post-45054","post","type-post","status-publish","format-standard","has-post-thumbnail","hentry","category-noticiasdestaque","category-saudeeducacaoeconcurso"],"_links":{"self":[{"href":"https:\/\/jorgezanoni.com.br\/2019\/wp-json\/wp\/v2\/posts\/45054","targetHints":{"allow":["GET"]}}],"collection":[{"href":"https:\/\/jorgezanoni.com.br\/2019\/wp-json\/wp\/v2\/posts"}],"about":[{"href":"https:\/\/jorgezanoni.com.br\/2019\/wp-json\/wp\/v2\/types\/post"}],"author":[{"embeddable":true,"href":"https:\/\/jorgezanoni.com.br\/2019\/wp-json\/wp\/v2\/users\/1"}],"replies":[{"embeddable":true,"href":"https:\/\/jorgezanoni.com.br\/2019\/wp-json\/wp\/v2\/comments?post=45054"}],"version-history":[{"count":0,"href":"https:\/\/jorgezanoni.com.br\/2019\/wp-json\/wp\/v2\/posts\/45054\/revisions"}],"wp:featuredmedia":[{"embeddable":true,"href":"https:\/\/jorgezanoni.com.br\/2019\/wp-json\/wp\/v2\/media\/45055"}],"wp:attachment":[{"href":"https:\/\/jorgezanoni.com.br\/2019\/wp-json\/wp\/v2\/media?parent=45054"}],"wp:term":[{"taxonomy":"category","embeddable":true,"href":"https:\/\/jorgezanoni.com.br\/2019\/wp-json\/wp\/v2\/categories?post=45054"},{"taxonomy":"post_tag","embeddable":true,"href":"https:\/\/jorgezanoni.com.br\/2019\/wp-json\/wp\/v2\/tags?post=45054"}],"curies":[{"name":"wp","href":"https:\/\/api.w.org\/{rel}","templated":true}]}}