{"id":45051,"date":"2021-03-23T14:01:03","date_gmt":"2021-03-23T14:01:03","guid":{"rendered":"https:\/\/jorgezanoni.com.br\/2019\/?p=45051"},"modified":"2021-03-23T14:01:45","modified_gmt":"2021-03-23T14:01:45","slug":"prefeitura-conscientizara-sobre-o-uso-de-sacos-de-rafia-na-coleta-seletiva-de-lixo","status":"publish","type":"post","link":"https:\/\/jorgezanoni.com.br\/2019\/prefeitura-conscientizara-sobre-o-uso-de-sacos-de-rafia-na-coleta-seletiva-de-lixo\/","title":{"rendered":"Prefeitura conscientizar\u00e1 sobre o uso de Sacos de R\u00e1fia na Coleta Seletiva de Lixo"},"content":{"rendered":"<p style=\"text-align: justify;\"><strong>Ap\u00f3s estudo e contrato firmando entre o munic\u00edpio e a COTRARES, saco verde ser\u00e1 substitu\u00eddo por sacos de rafia, mais apropriado para o meio ambiente e mais econ\u00f4mico para o munic\u00edpio.<\/strong><\/p>\n<p style=\"text-align: justify;\">Contrato firmado entre a Prefeitura de Dracena e a COTRARES (Cooperativa de Trabalho e Reciclagem de Res\u00edduos S\u00f3lidos) prop\u00f4s a substitui\u00e7\u00e3o dos tradicionais sacos pl\u00e1sticos verdes por sacos de rafia. A medida visa uma conduta mais correta ao meio ambiente se comparado ao uso do pl\u00e1stico e financeiramente mais economia para o munic\u00edpio.<\/p>\n<p style=\"text-align: justify;\">A Secretaria de Agricultura, Meio Ambiente e Limpeza P\u00fablica informa que est\u00e1 aguardando a empresa fornecedora do produto enviar o primeiro lote de sacos de rafia para ser posto o projeto em pr\u00e1tica.<\/p>\n<p style=\"text-align: justify;\">Ser\u00e1 promovida uma campanha de conscientiza\u00e7\u00e3o junto \u00e0 popula\u00e7\u00e3o, quanto \u00e0 coleta seletiva dos recicl\u00e1veis, executada no munic\u00edpio pela COTRARES.<\/p>\n<p style=\"text-align: justify;\">A campanha ter\u00e1 por objetivo:<\/p>\n<ul style=\"text-align: justify;\">\n<li>Informar aos mun\u00edcipes que houve a substitui\u00e7\u00e3o dos tradicionais sacos pl\u00e1sticos verdes, pelo saco de rafia que \u00e9 retorn\u00e1vel.<\/li>\n<li>Conscientizar a popula\u00e7\u00e3o a maneira correta de utiliza\u00e7\u00e3o, usando-o apenas para o descarte de lixo recicl\u00e1vel, n\u00e3o depositando lixo org\u00e2nico, galhos de \u00e1rvores, assim como materiais cortantes.<\/li>\n<\/ul>\n<p style=\"text-align: justify;\">O saco ser\u00e1 entregue nas casas, a coleta passar\u00e1 recolhendo e o coletor ir\u00e1 deixar o saco para que seja reutilizado.<\/p>\n<p style=\"text-align: justify;\">A secret\u00e1ria Ana L\u00facia Pagliusi Costa, respons\u00e1vel pela pasta explica que a decis\u00e3o por utilizar o saco de rafia, deve-se em raz\u00e3o da preserva\u00e7\u00e3o do meio ambiente, e o fato de os sacos de rafia serem reaproveitados, elimina-se o poss\u00edvel descarte de material pl\u00e1stico no solo de forma irregular contribuindo assim para a preserva\u00e7\u00e3o do meio ambiente.<\/p>\n<p style=\"text-align: justify;\">\u201cFizemos um estudo financeiro e chegamos \u00e0 conclus\u00e3o que \u00e9 economicamente vi\u00e1vel, do ponto de vista de podermos reaproveitar os sacos de rafia por v\u00e1rias vezes, desde que corretamente usado\u201d, diz a secret\u00e1ria.<\/p>\n<p style=\"text-align: justify;\">A campanha ser\u00e1 divulgada nos mais diversos meios de comunica\u00e7\u00f5es locais e tamb\u00e9m por carro de som para anunciar em todos os bairros da cidade, e contar\u00e1 com a EMDAEP, para anexar junto \u00e0s contas de \u00e1gua dos mun\u00edcipes, um panfleto ilustrativo e informativo.<\/p>\n<p style=\"text-align: justify;\">Imagem Ilustrativa<\/p>\n<p style=\"text-align: justify;\">Saco de rafia ser\u00e1 substitu\u00eddo pelo saco verde que antes era oferecido na coleta seletiva na cidade<\/p>\n<p style=\"text-align: justify;\">Fonte: Diretoria de Comunica\u00e7\u00e3o Prefeitura<\/p>\n","protected":false},"excerpt":{"rendered":"<p>Ap\u00f3s estudo e contrato firmando entre o munic\u00edpio e a COTRARES, saco verde ser\u00e1 substitu\u00eddo por sacos de rafia, mais apropriado para o meio ambiente e mais econ\u00f4mico para o munic\u00edpio. Contrato firmado entre a Prefeitura de Dracena e a COTRARES (Cooperativa de Trabalho e Reciclagem de Res\u00edduos S\u00f3lidos) prop\u00f4s a substitui\u00e7\u00e3o dos tradicionais sacos [&hellip;]<\/p>\n","protected":false},"author":1,"featured_media":45052,"comment_status":"closed","ping_status":"open","sticky":false,"template":"","format":"standard","meta":{"footnotes":""},"categories":[176,110],"tags":[],"class_list":["post-45051","post","type-post","status-publish","format-standard","has-post-thumbnail","hentry","category-meioambienteeagricultura","category-noticiasdestaque"],"_links":{"self":[{"href":"https:\/\/jorgezanoni.com.br\/2019\/wp-json\/wp\/v2\/posts\/45051","targetHints":{"allow":["GET"]}}],"collection":[{"href":"https:\/\/jorgezanoni.com.br\/2019\/wp-json\/wp\/v2\/posts"}],"about":[{"href":"https:\/\/jorgezanoni.com.br\/2019\/wp-json\/wp\/v2\/types\/post"}],"author":[{"embeddable":true,"href":"https:\/\/jorgezanoni.com.br\/2019\/wp-json\/wp\/v2\/users\/1"}],"replies":[{"embeddable":true,"href":"https:\/\/jorgezanoni.com.br\/2019\/wp-json\/wp\/v2\/comments?post=45051"}],"version-history":[{"count":0,"href":"https:\/\/jorgezanoni.com.br\/2019\/wp-json\/wp\/v2\/posts\/45051\/revisions"}],"wp:featuredmedia":[{"embeddable":true,"href":"https:\/\/jorgezanoni.com.br\/2019\/wp-json\/wp\/v2\/media\/45052"}],"wp:attachment":[{"href":"https:\/\/jorgezanoni.com.br\/2019\/wp-json\/wp\/v2\/media?parent=45051"}],"wp:term":[{"taxonomy":"category","embeddable":true,"href":"https:\/\/jorgezanoni.com.br\/2019\/wp-json\/wp\/v2\/categories?post=45051"},{"taxonomy":"post_tag","embeddable":true,"href":"https:\/\/jorgezanoni.com.br\/2019\/wp-json\/wp\/v2\/tags?post=45051"}],"curies":[{"name":"wp","href":"https:\/\/api.w.org\/{rel}","templated":true}]}}