{"id":45035,"date":"2021-03-22T23:33:16","date_gmt":"2021-03-22T23:33:16","guid":{"rendered":"https:\/\/jorgezanoni.com.br\/2019\/?p=45035"},"modified":"2021-03-22T23:33:16","modified_gmt":"2021-03-22T23:33:16","slug":"boletim-atualizado-da-covid-19-da-secretaria-municipal-de-saude-de-dracena-22-03-21","status":"publish","type":"post","link":"https:\/\/jorgezanoni.com.br\/2019\/boletim-atualizado-da-covid-19-da-secretaria-municipal-de-saude-de-dracena-22-03-21\/","title":{"rendered":"Boletim atualizado da COVID-19 da Secretaria Municipal de Sa\u00fade de Dracena 22\/03\/21"},"content":{"rendered":"<div class=\"kvgmc6g5 cxmmr5t8 oygrvhab hcukyx3x c1et5uql ii04i59q\">\n<div dir=\"auto\" style=\"text-align: justify;\">BOLETIM EPIDEMIOL\u00d3GICO COVID<\/div>\n<div dir=\"auto\" style=\"text-align: justify;\">SEGUNDA-FEIRA 22\/03<\/div>\n<\/div>\n<div class=\"o9v6fnle cxmmr5t8 oygrvhab hcukyx3x c1et5uql ii04i59q\" style=\"text-align: justify;\">\n<div dir=\"auto\">Suspeitos: 30<\/div>\n<div dir=\"auto\">Suspeitos Domiciliar: 30<\/div>\n<div dir=\"auto\">Suspeitos Hospitalar: 0<\/div>\n<\/div>\n<div class=\"o9v6fnle cxmmr5t8 oygrvhab hcukyx3x c1et5uql ii04i59q\" style=\"text-align: justify;\">\n<div dir=\"auto\">Confirmados: 3.816<\/div>\n<div dir=\"auto\">Curados: 3.092<\/div>\n<div dir=\"auto\">Isolamento domiciliar: 555<\/div>\n<div dir=\"auto\">Tratamento Hospitalar: 31<\/div>\n<div dir=\"auto\">\u00d3bitos: 138<\/div>\n<\/div>\n<div class=\"o9v6fnle cxmmr5t8 oygrvhab hcukyx3x c1et5uql ii04i59q\" style=\"text-align: justify;\">\n<div dir=\"auto\">ALERTA<\/div>\n<div dir=\"auto\">De sexta-feira que passou para hoje, foram registrados novos 54 casos de covid na cidade.<\/div>\n<div dir=\"auto\">O n\u00famero de curados no mesmo per\u00edodo subiu para 104.<\/div>\n<\/div>\n<div class=\"o9v6fnle cxmmr5t8 oygrvhab hcukyx3x c1et5uql ii04i59q\">\n<div dir=\"auto\" style=\"text-align: justify;\">N\u00c3O DESCUIDE!<\/div>\n<div dir=\"auto\" style=\"text-align: justify;\">MANTENHA A HIGIENIZA\u00c7\u00c3O DAS M\u00c3OS<\/div>\n<div dir=\"auto\" style=\"text-align: justify;\">USO DA M\u00c1SCARA<\/div>\n<div dir=\"auto\" style=\"text-align: justify;\">E N\u00c3O AGLOMERE<\/div>\n<div dir=\"auto\" style=\"text-align: justify;\"><\/div>\n<div dir=\"auto\" style=\"text-align: justify;\">Fonte: https:\/\/www.facebook.com\/prefeituradracena<\/div>\n<\/div>\n","protected":false},"excerpt":{"rendered":"<p>BOLETIM EPIDEMIOL\u00d3GICO COVID SEGUNDA-FEIRA 22\/03 Suspeitos: 30 Suspeitos Domiciliar: 30 Suspeitos Hospitalar: 0 Confirmados: 3.816 Curados: 3.092 Isolamento domiciliar: 555 Tratamento Hospitalar: 31 \u00d3bitos: 138 ALERTA De sexta-feira que passou para hoje, foram registrados novos 54 casos de covid na cidade. O n\u00famero de curados no mesmo per\u00edodo subiu para 104. N\u00c3O DESCUIDE! MANTENHA A [&hellip;]<\/p>\n","protected":false},"author":1,"featured_media":45036,"comment_status":"closed","ping_status":"open","sticky":false,"template":"","format":"standard","meta":{"footnotes":""},"categories":[179,184,110],"tags":[],"class_list":["post-45035","post","type-post","status-publish","format-standard","has-post-thumbnail","hentry","category-cidadeseregiao","category-dracena","category-noticiasdestaque"],"_links":{"self":[{"href":"https:\/\/jorgezanoni.com.br\/2019\/wp-json\/wp\/v2\/posts\/45035","targetHints":{"allow":["GET"]}}],"collection":[{"href":"https:\/\/jorgezanoni.com.br\/2019\/wp-json\/wp\/v2\/posts"}],"about":[{"href":"https:\/\/jorgezanoni.com.br\/2019\/wp-json\/wp\/v2\/types\/post"}],"author":[{"embeddable":true,"href":"https:\/\/jorgezanoni.com.br\/2019\/wp-json\/wp\/v2\/users\/1"}],"replies":[{"embeddable":true,"href":"https:\/\/jorgezanoni.com.br\/2019\/wp-json\/wp\/v2\/comments?post=45035"}],"version-history":[{"count":0,"href":"https:\/\/jorgezanoni.com.br\/2019\/wp-json\/wp\/v2\/posts\/45035\/revisions"}],"wp:featuredmedia":[{"embeddable":true,"href":"https:\/\/jorgezanoni.com.br\/2019\/wp-json\/wp\/v2\/media\/45036"}],"wp:attachment":[{"href":"https:\/\/jorgezanoni.com.br\/2019\/wp-json\/wp\/v2\/media?parent=45035"}],"wp:term":[{"taxonomy":"category","embeddable":true,"href":"https:\/\/jorgezanoni.com.br\/2019\/wp-json\/wp\/v2\/categories?post=45035"},{"taxonomy":"post_tag","embeddable":true,"href":"https:\/\/jorgezanoni.com.br\/2019\/wp-json\/wp\/v2\/tags?post=45035"}],"curies":[{"name":"wp","href":"https:\/\/api.w.org\/{rel}","templated":true}]}}