{"id":45015,"date":"2021-03-22T13:43:18","date_gmt":"2021-03-22T13:43:18","guid":{"rendered":"https:\/\/jorgezanoni.com.br\/2019\/?p=45015"},"modified":"2021-03-22T15:18:56","modified_gmt":"2021-03-22T15:18:56","slug":"morres-jaques-nelson-ferreira-empresario-do-ramo-de-construcao","status":"publish","type":"post","link":"https:\/\/jorgezanoni.com.br\/2019\/morres-jaques-nelson-ferreira-empresario-do-ramo-de-construcao\/","title":{"rendered":"Morre Jaques Nelson Ferreira empres\u00e1rio do ramo de constru\u00e7\u00e3o"},"content":{"rendered":"<p style=\"text-align: justify;\">Comunicamos com pesar o falecimento do sr. Jaques Nelson Ferreira de 58 anos. Ele estava internado em Assis em tratamento da COVID e ap\u00f3s foi transferido para Rancharia, onde na manh\u00e3 desta segunda-feira (22) veio a \u00f3bito.<\/p>\n<p style=\"text-align: justify;\">Era empres\u00e1rio do ramo de Constru\u00e7\u00e3o da Jacques Materiais de Constru\u00e7\u00e3o em Dracena. Tamb\u00e9m Engenheiro Civ\u00edl. Foi candidato a Prefeito de Irapuru em 2.016 e 2.020, na \u00faltima elei\u00e7\u00e3o pelo PV.<\/p>\n<p style=\"text-align: justify;\">Deixa a esposa Ros\u00e2ngela (Rose) e 3 filhos.<\/p>\n<p>O Site JZ se solidariza com a fam\u00edlia e amigos neste dif\u00edcil momento.<\/p>\n<p>&nbsp;<\/p>\n<p>&nbsp;<\/p>\n","protected":false},"excerpt":{"rendered":"<p>Comunicamos com pesar o falecimento do sr. Jaques Nelson Ferreira de 58 anos. Ele estava internado em Assis em tratamento da COVID e ap\u00f3s foi transferido para Rancharia, onde na manh\u00e3 desta segunda-feira (22) veio a \u00f3bito. Era empres\u00e1rio do ramo de Constru\u00e7\u00e3o da Jacques Materiais de Constru\u00e7\u00e3o em Dracena. Tamb\u00e9m Engenheiro Civ\u00edl. Foi candidato [&hellip;]<\/p>\n","protected":false},"author":1,"featured_media":45016,"comment_status":"closed","ping_status":"open","sticky":false,"template":"","format":"standard","meta":{"footnotes":""},"categories":[178,110],"tags":[],"class_list":["post-45015","post","type-post","status-publish","format-standard","has-post-thumbnail","hentry","category-notadefalecimento","category-noticiasdestaque"],"_links":{"self":[{"href":"https:\/\/jorgezanoni.com.br\/2019\/wp-json\/wp\/v2\/posts\/45015","targetHints":{"allow":["GET"]}}],"collection":[{"href":"https:\/\/jorgezanoni.com.br\/2019\/wp-json\/wp\/v2\/posts"}],"about":[{"href":"https:\/\/jorgezanoni.com.br\/2019\/wp-json\/wp\/v2\/types\/post"}],"author":[{"embeddable":true,"href":"https:\/\/jorgezanoni.com.br\/2019\/wp-json\/wp\/v2\/users\/1"}],"replies":[{"embeddable":true,"href":"https:\/\/jorgezanoni.com.br\/2019\/wp-json\/wp\/v2\/comments?post=45015"}],"version-history":[{"count":0,"href":"https:\/\/jorgezanoni.com.br\/2019\/wp-json\/wp\/v2\/posts\/45015\/revisions"}],"wp:featuredmedia":[{"embeddable":true,"href":"https:\/\/jorgezanoni.com.br\/2019\/wp-json\/wp\/v2\/media\/45016"}],"wp:attachment":[{"href":"https:\/\/jorgezanoni.com.br\/2019\/wp-json\/wp\/v2\/media?parent=45015"}],"wp:term":[{"taxonomy":"category","embeddable":true,"href":"https:\/\/jorgezanoni.com.br\/2019\/wp-json\/wp\/v2\/categories?post=45015"},{"taxonomy":"post_tag","embeddable":true,"href":"https:\/\/jorgezanoni.com.br\/2019\/wp-json\/wp\/v2\/tags?post=45015"}],"curies":[{"name":"wp","href":"https:\/\/api.w.org\/{rel}","templated":true}]}}