{"id":44980,"date":"2021-03-21T17:13:58","date_gmt":"2021-03-21T17:13:58","guid":{"rendered":"https:\/\/jorgezanoni.com.br\/2019\/?p=44980"},"modified":"2021-03-21T17:13:58","modified_gmt":"2021-03-21T17:13:58","slug":"dia-nacional-da-sindrome-de-down-e-comemorado-hoje","status":"publish","type":"post","link":"https:\/\/jorgezanoni.com.br\/2019\/dia-nacional-da-sindrome-de-down-e-comemorado-hoje\/","title":{"rendered":"Dia Nacional da S\u00edndrome de Down \u00e9 comemorado hoje"},"content":{"rendered":"<p style=\"text-align: justify;\">A data tem o objetivo de conscientizar as pessoas sobre a import\u00e2ncia da luta pelos direitos igualit\u00e1rios, o seu bem-estar e a inclus\u00e3o das pessoas com Down na sociedade. A S\u00edndrome de Down n\u00e3o \u00e9 uma doen\u00e7a, mas sim uma muta\u00e7\u00e3o do material gen\u00e9tico humano, presente em todas as ra\u00e7as.<\/p>\n<p style=\"text-align: justify;\">A APAE de Dracena \u00e9 uma organiza\u00e7\u00e3o sem fins lucrativos, que organiza a\u00e7\u00f5es que possibilitem ampliar o acesso da pessoa com S\u00edndrome de Down em atividades profissionais compat\u00edveis com a sua capacidade, conhecimento e potencialidades. Em nossa entidade mais do que conhecer cada atendido, conhecemos tamb\u00e9m as suas fam\u00edlias. Mais do que trat\u00e1-los como alunos\/destinat\u00e1rios, convivemos como cidad\u00e3os. Mais do que entender problemas, acreditamos no potencial de realizar sonhos.<\/p>\n<p style=\"text-align: justify;\">A quest\u00e3o da autonomia \u00e9 a chave de todo o processo. Os jovens com S\u00edndrome de Down precisam ser conscientizados da condi\u00e7\u00e3o deles e de suas possibilidades e dificuldades. Eles precisam sim de uma aten\u00e7\u00e3o diferenciada para desenvolver suas tarefas, mas \u00e9 necess\u00e1rio que se desenvolva uma autogest\u00e3o.<\/p>\n<p style=\"text-align: justify;\">\u00c9 tamb\u00e9m importante entender que a crian\u00e7a com Down vai crescer e passar por todas as fases que todo mundo passa. Por conta dos avan\u00e7os na medicina e na pr\u00f3pria sociedade, as pessoas com S\u00edndrome de Down chegam cada vez mais \u00e0 velhice. E prepar\u00e1-los para isso \u00e9 fundamental.<\/p>\n<p style=\"text-align: justify;\">Os jovens com S\u00edndrome de Down est\u00e3o conquistando cada vez mais espa\u00e7os na sociedade. Eles estudam em faculdades, namoram, trabalham e fazem sucesso no mercado da moda e na \u00e1rea cultural.<\/p>\n<p style=\"text-align: justify;\">Esta realidade acontece gra\u00e7as aos esfor\u00e7os de institui\u00e7\u00f5es como a APAE que estimulam o desenvolvimento das potencialidades da pessoa com S\u00edndrome de Down, para favorecer a inclus\u00e3o, por meio de atividades que atendam suas necessidades cotidianas.<\/p>\n<p style=\"text-align: justify;\">A APAE de Dracena atende aproximadamente 213 pessoas com Defici\u00eancia Intelectual, M\u00faltipla e Transtorno do Espectro Autista (TEA) nas \u00e1reas da Sa\u00fade, Educa\u00e7\u00e3o e Assist\u00eancia Social e tem como presidente Paulo Roberto de Mendon\u00e7a Sampaio.<\/p>\n<p style=\"text-align: justify;\">Trabalha com o objetivo de sensibilizar a sociedade em geral no intuito de reduzir barreiras \u00e0 inclus\u00e3o efetiva de pessoas com defici\u00eancia, promovendo assim sua autonomia, respeitando seus limites e incentivando suas habilidades, sendo capazes de desenvolver a autoconfian\u00e7a algo fundamental para o sucesso de qualquer ser humano.<\/p>\n<p>Fonte: APAE<\/p>\n","protected":false},"excerpt":{"rendered":"<p>A data tem o objetivo de conscientizar as pessoas sobre a import\u00e2ncia da luta pelos direitos igualit\u00e1rios, o seu bem-estar e a inclus\u00e3o das pessoas com Down na sociedade. A S\u00edndrome de Down n\u00e3o \u00e9 uma doen\u00e7a, mas sim uma muta\u00e7\u00e3o do material gen\u00e9tico humano, presente em todas as ra\u00e7as. A APAE de Dracena \u00e9 [&hellip;]<\/p>\n","protected":false},"author":1,"featured_media":44981,"comment_status":"closed","ping_status":"open","sticky":false,"template":"","format":"standard","meta":{"footnotes":""},"categories":[114,110],"tags":[],"class_list":["post-44980","post","type-post","status-publish","format-standard","has-post-thumbnail","hentry","category-geralecomercio","category-noticiasdestaque"],"_links":{"self":[{"href":"https:\/\/jorgezanoni.com.br\/2019\/wp-json\/wp\/v2\/posts\/44980","targetHints":{"allow":["GET"]}}],"collection":[{"href":"https:\/\/jorgezanoni.com.br\/2019\/wp-json\/wp\/v2\/posts"}],"about":[{"href":"https:\/\/jorgezanoni.com.br\/2019\/wp-json\/wp\/v2\/types\/post"}],"author":[{"embeddable":true,"href":"https:\/\/jorgezanoni.com.br\/2019\/wp-json\/wp\/v2\/users\/1"}],"replies":[{"embeddable":true,"href":"https:\/\/jorgezanoni.com.br\/2019\/wp-json\/wp\/v2\/comments?post=44980"}],"version-history":[{"count":0,"href":"https:\/\/jorgezanoni.com.br\/2019\/wp-json\/wp\/v2\/posts\/44980\/revisions"}],"wp:featuredmedia":[{"embeddable":true,"href":"https:\/\/jorgezanoni.com.br\/2019\/wp-json\/wp\/v2\/media\/44981"}],"wp:attachment":[{"href":"https:\/\/jorgezanoni.com.br\/2019\/wp-json\/wp\/v2\/media?parent=44980"}],"wp:term":[{"taxonomy":"category","embeddable":true,"href":"https:\/\/jorgezanoni.com.br\/2019\/wp-json\/wp\/v2\/categories?post=44980"},{"taxonomy":"post_tag","embeddable":true,"href":"https:\/\/jorgezanoni.com.br\/2019\/wp-json\/wp\/v2\/tags?post=44980"}],"curies":[{"name":"wp","href":"https:\/\/api.w.org\/{rel}","templated":true}]}}