{"id":44953,"date":"2021-03-20T17:10:46","date_gmt":"2021-03-20T17:10:46","guid":{"rendered":"https:\/\/jorgezanoni.com.br\/2019\/?p=44953"},"modified":"2021-03-20T17:10:46","modified_gmt":"2021-03-20T17:10:46","slug":"cuidado-com-o-fake-news-ao-noticiar-ou-compartilhar-algo-falso-voce-pode-ser-responsabilizado","status":"publish","type":"post","link":"https:\/\/jorgezanoni.com.br\/2019\/cuidado-com-o-fake-news-ao-noticiar-ou-compartilhar-algo-falso-voce-pode-ser-responsabilizado\/","title":{"rendered":"Cuidado com o &#8220;FAKE NEWS&#8221;: Ao noticiar ou compartilhar algo falso, voc\u00ea pode ser responsabilizado"},"content":{"rendered":"<p style=\"text-align: justify;\"><strong>Ontem (20), aconteceu uma divulga\u00e7\u00e3o de Fake News em Dracena sobre poss\u00edvel falecimento de uma pessoa na comunidade.\u00a0<\/strong><\/p>\n<p style=\"text-align: justify;\">Na realidade a pessoa que \u00e9 muito conhecida e querida na cidade, n\u00e3o faleceu, continua internada. O que leva uma pessoas fazer uma postagem sem a devida informa\u00e7\u00e3o ser apurada antes de sua publica\u00e7\u00e3o?<\/p>\n<p style=\"text-align: justify;\">Normalmente alguns \u00f3rg\u00e3os de Imprensa no af\u00e3 de querer ser o primeiro a dar a not\u00edcia, acabam n\u00e3o observando se a fonte \u00e9 real e confi\u00e1vel, e s\u00e3o tra\u00eddos pela falsa informa\u00e7\u00e3o. Portanto a maioria das vezes mesmo sendo cobrado pelos amigos Internautas, vale a pena esperar.<\/p>\n<p style=\"text-align: justify;\">Atualmente a Imprensa vive talvez, o maior desafio de sua hist\u00f3ria com a divulga\u00e7\u00e3o da Pandemia. No ditado popular, estamos entre a &#8220;Cruz e a Espada&#8221;. Pois qualquer not\u00edcia que divulgamos provoca as mais variadas rea\u00e7\u00f5es. Se por exemplo \u00e9 divulgado um \u00f3bito, algu\u00e9m n\u00e3o quer aceitar a realidade do momento, j\u00e1, se envolve o lado da pol\u00edtica, surgem os defensores ou contr\u00e1rios, seja do Governo Federal Estadual e at\u00e9 mesmo do Municipal.<\/p>\n<p style=\"text-align: justify;\">Normalmente em ambos os casos, s\u00e3o coment\u00e1rios descabidos, com total falta de conhecimento e responsabilidade, muitos sequer se d\u00e3o ao trabalho de ler a mat\u00e9ria completa e j\u00e1 soltam seus coment\u00e1rios absurdos. Ai acontece a ofensa e ataque a pessoas sem lembrar que est\u00e3o numa rede social e que s\u00e3o seres humanos igual a todos.<\/p>\n<p style=\"text-align: justify;\"><strong>Lembramos que qualquer pessoa pode ser responsabilizada e at\u00e9 responder criminalmente por suas afirma\u00e7\u00f5es, seja na not\u00edcia dada, compartilhada ou no coment\u00e1rio ofensivo. O momento \u00e9 dif\u00edcil e muito delicado. Todos estamos sens\u00edveis e com certeza com nervos \u00e0 flor da pele al\u00e9m do psicol\u00f3gico abalado. Ent\u00e3o temos que pensar o que postar e o que comentar.<\/strong><\/p>\n<p style=\"text-align: justify;\">Jorge Zanoni<\/p>\n<header id=\"mk-header-1\" class=\"mk-header header-style-2 header-align-center  toolbar-false menu-hover-4 sticky-style-fixed mk-background-stretch boxed-header a-sticky\" role=\"banner\" data-height=\"150\" data-sticky-height=\"55\" data-responsive-height=\"130\" data-transparent-skin=\"\" data-header-style=\"2\" data-sticky-style=\"fixed\" data-sticky-offset=\"header\">\n<section id=\"mk-page-introduce\" class=\"intro-left\">\n<div class=\"mk-grid\">\n<h1 class=\"page-title \" style=\"text-align: justify;\">FAKE NEWS \u00c9 CRIME?<\/h1>\n<\/div>\n<\/section>\n<\/header>\n<div id=\"theme-page\" class=\"master-holder blog-post-type-image blog-style-compact clearfix\">\n<div class=\"mk-main-wrapper-holder\">\n<div id=\"mk-page-id-6775\" class=\"theme-page-wrapper mk-main-wrapper mk-grid right-layout false\">\n<div class=\"theme-content false\">\n<article id=\"6775\" class=\"mk-blog-single post-6775 post type-post status-publish format-standard has-post-thumbnail hentry category-blog category-eletronico-e-digital\">\n<div class=\"mk-single-content clearfix\">\n<p style=\"text-align: justify;\">Boatos, mentiras, dados duvidosos e informa\u00e7\u00f5es tendenciosas \u2013 afinal, fake news \u00e9 crime? Com a r\u00e1pida dissemina\u00e7\u00e3o de not\u00edcias falsas e o alto potencial de viraliza\u00e7\u00e3o desse tipo de conte\u00fado, a pr\u00e1tica tem se tornado cada vez mais preocupante e o seu combate, um desafio.<\/p>\n<p style=\"text-align: justify;\">Neste artigo, vamos explicar como funcionam as fake news e quais s\u00e3o as consequ\u00eancias jur\u00eddicas para esse tipo de pr\u00e1tica nefasta. Entenda melhor, a seguir!<\/p>\n<h2 style=\"text-align: justify;\">COMO FUNCIONAM AS FAKE NEWS?<\/h2>\n<p style=\"text-align: justify;\">Por tr\u00e1s da divulga\u00e7\u00e3o de fake news, existem diversos<b>\u00a0motivos<\/b>\u00a0escusos. H\u00e1 sites que usam manchetes sensacionalistas para<b>\u00a0aumentar o n\u00famero de acessos<\/b>\u00a0e, assim, obter lucros com<b>\u00a0publicidade digital<\/b>, por exemplo.<\/p>\n<p style=\"text-align: justify;\">H\u00e1 ainda os que divulgam not\u00edcias\u00a0<b>tendenciosas, distorcidas ou parciais<\/b> para convencer o p\u00fablico sobre uma ideia ou um determinado ponto de vista. E tem tamb\u00e9m os que criam mentiras e boatos para disseminar o \u00f3dio, prejudicar algu\u00e9m e tirar proveito da situa\u00e7\u00e3o. Assim tamb\u00e9m acontece com pessoas comuns.<\/p>\n<p style=\"text-align: justify;\">E o alcance dessas not\u00edcias n\u00e3o \u00e9 pequeno! Segundo um estudo realizado pelo Instituto de Tecnologia de Massachusetts,\u00a0<a href=\"https:\/\/www.correiobraziliense.com.br\/app\/noticia\/tecnologia\/2018\/03\/08\/interna_tecnologia,664835\/fake-news-se-espalham-70-mais-rapido-que-noticias-verdadeiras.shtml\" target=\"_blank\" rel=\"noopener noreferrer\">as fake news se espalham 70% mais r\u00e1pido que as not\u00edcias verdadeiras<\/a>. Al\u00e9m disso, enquanto uma not\u00edcia verdadeira chega a cerca de 1000 pessoas, uma postagem falsa pode atingir at\u00e9 100 mil pessoas.<\/p>\n<p style=\"text-align: justify;\">Com tamanho\u00a0<b>potencial de compartilhamento<\/b>, podemos imaginar como as fake news prejudicam as pessoas, n\u00e3o \u00e9 mesmo? Ent\u00e3o, como combater essa pr\u00e1tica?<\/p>\n<h2 style=\"text-align: justify;\">AFINAL, FAKE NEWS \u00c9 CRIME?<\/h2>\n<p style=\"text-align: justify;\">H\u00e1 quem ache que o ambiente virtual \u00e9 um mundo sem leis. Com isso, a internet e as redes sociais se tornam um prato cheio para a\u00a0<b>produ\u00e7\u00e3o e divulga\u00e7\u00e3o de fake news<\/b>.<\/p>\n<p style=\"text-align: justify;\">O fato \u00e9 que, na verdade, n\u00e3o existe uma lei espec\u00edfica que tipifique ou defina esse ato, embora existam v\u00e1rios<b>\u00a0projetos de lei que buscam tornar as fake news algo criminoso<\/b>, nenhum foi aprovado, sob a alega\u00e7\u00e3o de que poderiam\u00a0<b>ferir a liberdade de express\u00e3o<\/b>.<\/p>\n<p style=\"text-align: justify;\">Nesse sentido, n\u00e3o se pode dizer, de modo geral, que fake news \u00e9 crime, visto que a pr\u00e1tica n\u00e3o est\u00e1 prevista em uma lei espec\u00edfica e tampouco h\u00e1 comina\u00e7\u00e3o legal.<\/p>\n<p style=\"text-align: justify;\">Entretanto,\u00a0<b>existem medidas previstas na legisla\u00e7\u00e3o existente que podem ser aplicadas aos casos de cria\u00e7\u00e3o ou divulga\u00e7\u00e3o de not\u00edcias falsas<\/b>. H\u00e1, por exemplo, os crimes contra a honra, previstos no C\u00f3digo Penal, como cal\u00fania, difama\u00e7\u00e3o, inj\u00faria, que tem implica\u00e7\u00f5es tamb\u00e9m na esfera civil, o crime de concorr\u00eancia desleal, previsto na Lei da Propriedade Industrial, dentre outras previs\u00f5es aplic\u00e1veis neste sentido.<\/p>\n<p style=\"text-align: justify;\">Assim, se a fake news se constitui como um dos atos de uma pr\u00e1tica criminosa ou serve como meio para um crime tipificado em lei, isso significa que o ato de criar ou divulgar not\u00edcia falsa pode ter implica\u00e7\u00f5es jur\u00eddicas.<\/p>\n<p style=\"text-align: justify;\">J\u00e1 no \u00e2mbito eleitoral, a pessoa que divulga fake news est\u00e1 sujeita a sofrer consequ\u00eancias previstas no C\u00f3digo Eleitoral, bem como as penalidades da\u00a0<a href=\"http:\/\/www.planalto.gov.br\/ccivil_03\/_ato2019-2022\/2019\/lei\/L13834.htm\" target=\"_blank\" rel=\"noopener noreferrer\">Lei n\u00ba 13.834\/2019<\/a>\u00a0\u2013 a\u00a0<a href=\"https:\/\/veja.abril.com.br\/politica\/lei-contra-fake-news-eleitoral-e-promulgada-apos-congresso-derrubar-veto\/\" target=\"_blank\" rel=\"noopener noreferrer\">lei contra fake news eleitoral<\/a>, que atualizou o C\u00f3digo Eleitoral tipificando o crime de denuncia\u00e7\u00e3o caluniosa com fins eleitorais.<\/p>\n<p style=\"text-align: justify;\"><strong>Portanto, tenha em mente que quem produz ou compartilha fake news pode ser responsabilizado e responder pelos atos na via criminal e civil.<\/strong><\/p>\n<p style=\"text-align: justify;\"><strong>Antes de divulgar uma not\u00edcia, verifique a veracidade, pesquise a fonte, cheque os fatos. A melhor forma de combater fake news \u00e9 n\u00e3o compartilhar informa\u00e7\u00f5es das quais n\u00e3o tenha certeza se s\u00e3o reais e\/ou fidedignas.<\/strong><\/p>\n<p style=\"text-align: justify;\">Este Artigo foi postado dia 5 de janeiro de 2.021.<\/p>\n<p style=\"text-align: justify;\">Fonte: https:\/\/peduti.com.br\/blog\/fake-news-e-crime\/<\/p>\n<\/div>\n<\/article>\n<\/div>\n<\/div>\n<\/div>\n<\/div>\n<p>&nbsp;<\/p>\n","protected":false},"excerpt":{"rendered":"<p>Ontem (20), aconteceu uma divulga\u00e7\u00e3o de Fake News em Dracena sobre poss\u00edvel falecimento de uma pessoa na comunidade.\u00a0 Na realidade a pessoa que \u00e9 muito conhecida e querida na cidade, n\u00e3o faleceu, continua internada. O que leva uma pessoas fazer uma postagem sem a devida informa\u00e7\u00e3o ser apurada antes de sua publica\u00e7\u00e3o? Normalmente alguns \u00f3rg\u00e3os [&hellip;]<\/p>\n","protected":false},"author":1,"featured_media":44954,"comment_status":"closed","ping_status":"open","sticky":false,"template":"","format":"standard","meta":{"footnotes":""},"categories":[114,110],"tags":[],"class_list":["post-44953","post","type-post","status-publish","format-standard","has-post-thumbnail","hentry","category-geralecomercio","category-noticiasdestaque"],"_links":{"self":[{"href":"https:\/\/jorgezanoni.com.br\/2019\/wp-json\/wp\/v2\/posts\/44953","targetHints":{"allow":["GET"]}}],"collection":[{"href":"https:\/\/jorgezanoni.com.br\/2019\/wp-json\/wp\/v2\/posts"}],"about":[{"href":"https:\/\/jorgezanoni.com.br\/2019\/wp-json\/wp\/v2\/types\/post"}],"author":[{"embeddable":true,"href":"https:\/\/jorgezanoni.com.br\/2019\/wp-json\/wp\/v2\/users\/1"}],"replies":[{"embeddable":true,"href":"https:\/\/jorgezanoni.com.br\/2019\/wp-json\/wp\/v2\/comments?post=44953"}],"version-history":[{"count":0,"href":"https:\/\/jorgezanoni.com.br\/2019\/wp-json\/wp\/v2\/posts\/44953\/revisions"}],"wp:featuredmedia":[{"embeddable":true,"href":"https:\/\/jorgezanoni.com.br\/2019\/wp-json\/wp\/v2\/media\/44954"}],"wp:attachment":[{"href":"https:\/\/jorgezanoni.com.br\/2019\/wp-json\/wp\/v2\/media?parent=44953"}],"wp:term":[{"taxonomy":"category","embeddable":true,"href":"https:\/\/jorgezanoni.com.br\/2019\/wp-json\/wp\/v2\/categories?post=44953"},{"taxonomy":"post_tag","embeddable":true,"href":"https:\/\/jorgezanoni.com.br\/2019\/wp-json\/wp\/v2\/tags?post=44953"}],"curies":[{"name":"wp","href":"https:\/\/api.w.org\/{rel}","templated":true}]}}