{"id":44928,"date":"2021-03-20T13:30:05","date_gmt":"2021-03-20T13:30:05","guid":{"rendered":"https:\/\/jorgezanoni.com.br\/2019\/?p=44928"},"modified":"2021-03-20T13:30:05","modified_gmt":"2021-03-20T13:30:05","slug":"docente-da-unifadra-conclui-doutorado","status":"publish","type":"post","link":"https:\/\/jorgezanoni.com.br\/2019\/docente-da-unifadra-conclui-doutorado\/","title":{"rendered":"Docente da Unifadra conclui Doutorado"},"content":{"rendered":"<p dir=\"ltr\" style=\"text-align: justify;\">O docente dos cursos de Medicina e An\u00e1lise e Desenvolvimento de Sistemas da Unifadra\/Fundec de Dracena Prof. \u00c9rico Torrieri concluiu, no dia 12\/03\/2021, o Doutorado em Gen\u00e9tica, pela USP de Ribeir\u00e3o Preto.<\/p>\n<p dir=\"ltr\" style=\"text-align: justify;\">Com a pesquisa &#8220;Abordagem computacional para avaliar o impacto da metila\u00e7\u00e3o do DNA na instabilidade tumoral&#8221;, o docente buscou o impacto das muta\u00e7\u00f5es causadas pelo mecanismo de desamina\u00e7\u00e3o das citosinas metiladas na tumorig\u00eanese.<\/p>\n<p dir=\"ltr\" style=\"text-align: justify;\">\u00c9rico Torrieri foi orientado pelo Prof. Dr. Wilson Araujo Silva Junior. Na banca de avalia\u00e7\u00e3o, estiveram presentes os professores: Prof. Dr. Aguinaldo Luiz Sim\u00f5es (USP &#8211; Ribeir\u00e3o Preto), Prof. Dr. Renato Tin\u00f3s (USP &#8211; Ribeir\u00e3o Preto) e o Prof. Dr. Lucas Tadeu Bidinotto (Faculdade de Ci\u00eancias da Sa\u00fade de Barretos).<\/p>\n<p dir=\"ltr\" style=\"text-align: justify;\">\u00c9rico tamb\u00e9m \u00e9 membro das comiss\u00f5es de Ensino e Extens\u00e3o do curso de Medicina da Unifadra.<\/p>\n<p dir=\"ltr\" style=\"text-align: justify;\">A dire\u00e7\u00e3o acad\u00eamica e as coordena\u00e7\u00f5es de cursos da Unifadra parabenizam o professor pela conclus\u00e3o do doutorado e por suas contribui\u00e7\u00f5es para os cursos de Medicina e An\u00e1lise e Desenvolvimento de Sistemas da institui\u00e7\u00e3o.<span id=\"gmail-docs-internal-guid-e56d743d-7fff-2498-19b8-6a51c969c6c4\"><\/span><\/p>\n<div class=\"gmail_signature\" dir=\"ltr\">\n<div dir=\"ltr\" style=\"text-align: justify;\">Carolina Colnago<br \/>\nAssistente de Comunica\u00e7\u00e3o<br \/>\nFunda\u00e7\u00e3o Dracenense de Educa\u00e7\u00e3o e Cultura<\/div>\n<\/div>\n","protected":false},"excerpt":{"rendered":"<p>O docente dos cursos de Medicina e An\u00e1lise e Desenvolvimento de Sistemas da Unifadra\/Fundec de Dracena Prof. \u00c9rico Torrieri concluiu, no dia 12\/03\/2021, o Doutorado em Gen\u00e9tica, pela USP de Ribeir\u00e3o Preto. Com a pesquisa &#8220;Abordagem computacional para avaliar o impacto da metila\u00e7\u00e3o do DNA na instabilidade tumoral&#8221;, o docente buscou o impacto das muta\u00e7\u00f5es [&hellip;]<\/p>\n","protected":false},"author":1,"featured_media":44929,"comment_status":"closed","ping_status":"open","sticky":false,"template":"","format":"standard","meta":{"footnotes":""},"categories":[122],"tags":[],"class_list":["post-44928","post","type-post","status-publish","format-standard","has-post-thumbnail","hentry","category-saudeeducacaoeconcurso"],"_links":{"self":[{"href":"https:\/\/jorgezanoni.com.br\/2019\/wp-json\/wp\/v2\/posts\/44928","targetHints":{"allow":["GET"]}}],"collection":[{"href":"https:\/\/jorgezanoni.com.br\/2019\/wp-json\/wp\/v2\/posts"}],"about":[{"href":"https:\/\/jorgezanoni.com.br\/2019\/wp-json\/wp\/v2\/types\/post"}],"author":[{"embeddable":true,"href":"https:\/\/jorgezanoni.com.br\/2019\/wp-json\/wp\/v2\/users\/1"}],"replies":[{"embeddable":true,"href":"https:\/\/jorgezanoni.com.br\/2019\/wp-json\/wp\/v2\/comments?post=44928"}],"version-history":[{"count":0,"href":"https:\/\/jorgezanoni.com.br\/2019\/wp-json\/wp\/v2\/posts\/44928\/revisions"}],"wp:featuredmedia":[{"embeddable":true,"href":"https:\/\/jorgezanoni.com.br\/2019\/wp-json\/wp\/v2\/media\/44929"}],"wp:attachment":[{"href":"https:\/\/jorgezanoni.com.br\/2019\/wp-json\/wp\/v2\/media?parent=44928"}],"wp:term":[{"taxonomy":"category","embeddable":true,"href":"https:\/\/jorgezanoni.com.br\/2019\/wp-json\/wp\/v2\/categories?post=44928"},{"taxonomy":"post_tag","embeddable":true,"href":"https:\/\/jorgezanoni.com.br\/2019\/wp-json\/wp\/v2\/tags?post=44928"}],"curies":[{"name":"wp","href":"https:\/\/api.w.org\/{rel}","templated":true}]}}