{"id":44894,"date":"2021-03-19T15:15:06","date_gmt":"2021-03-19T15:15:06","guid":{"rendered":"https:\/\/jorgezanoni.com.br\/2019\/?p=44894"},"modified":"2021-03-19T15:15:06","modified_gmt":"2021-03-19T15:15:06","slug":"morre-a-jovem-fernanda-barretto-filha-do-helinho-da-ambulancia-de-dracena","status":"publish","type":"post","link":"https:\/\/jorgezanoni.com.br\/2019\/morre-a-jovem-fernanda-barretto-filha-do-helinho-da-ambulancia-de-dracena\/","title":{"rendered":"Morre a jovem Fernanda Barretto filha do Helinho da Ambul\u00e2ncia de Dracena"},"content":{"rendered":"<p style=\"text-align: justify;\">Comunicamos com pesar o falecimento de Fernanda Carolina Padovan Souza Barreto de 29 anos. Ela estava internada na UTI da Santa Casa de Dracena em tratamento de COVID, e veio a \u00f3bito na manh\u00e3 desta sexta-feira (19).<\/p>\n<p style=\"text-align: justify;\">Deixa os pais Helinho da Ambul\u00e2ncia e Joana, que tamb\u00e9m est\u00e3o internados com a COVID-19.<\/p>\n<p style=\"text-align: justify;\">Aos familiares e amigos os sentimentos do Site JZ neste dif\u00edcil momento.<\/p>\n<div class=\"o9v6fnle cxmmr5t8 oygrvhab hcukyx3x c1et5uql ii04i59q\">\n<div dir=\"auto\"><img loading=\"lazy\" decoding=\"async\" class=\"alignnone size-full wp-image-44895\" src=\"https:\/\/jorgezanoni.com.br\/2019\/wp-content\/uploads\/2021\/03\/Fernanda.jpg\" alt=\"\" width=\"1280\" height=\"1279\" srcset=\"https:\/\/jorgezanoni.com.br\/2019\/wp-content\/uploads\/2021\/03\/Fernanda.jpg 1280w, https:\/\/jorgezanoni.com.br\/2019\/wp-content\/uploads\/2021\/03\/Fernanda-300x300.jpg 300w, https:\/\/jorgezanoni.com.br\/2019\/wp-content\/uploads\/2021\/03\/Fernanda-1024x1024.jpg 1024w, https:\/\/jorgezanoni.com.br\/2019\/wp-content\/uploads\/2021\/03\/Fernanda-150x150.jpg 150w, https:\/\/jorgezanoni.com.br\/2019\/wp-content\/uploads\/2021\/03\/Fernanda-768x767.jpg 768w, https:\/\/jorgezanoni.com.br\/2019\/wp-content\/uploads\/2021\/03\/Fernanda-696x695.jpg 696w, https:\/\/jorgezanoni.com.br\/2019\/wp-content\/uploads\/2021\/03\/Fernanda-1068x1067.jpg 1068w, https:\/\/jorgezanoni.com.br\/2019\/wp-content\/uploads\/2021\/03\/Fernanda-420x420.jpg 420w\" sizes=\"auto, (max-width: 1280px) 100vw, 1280px\" \/><\/div>\n<\/div>\n","protected":false},"excerpt":{"rendered":"<p>Comunicamos com pesar o falecimento de Fernanda Carolina Padovan Souza Barreto de 29 anos. Ela estava internada na UTI da Santa Casa de Dracena em tratamento de COVID, e veio a \u00f3bito na manh\u00e3 desta sexta-feira (19). Deixa os pais Helinho da Ambul\u00e2ncia e Joana, que tamb\u00e9m est\u00e3o internados com a COVID-19. Aos familiares e [&hellip;]<\/p>\n","protected":false},"author":1,"featured_media":44896,"comment_status":"closed","ping_status":"open","sticky":false,"template":"","format":"standard","meta":{"footnotes":""},"categories":[178,110],"tags":[],"class_list":["post-44894","post","type-post","status-publish","format-standard","has-post-thumbnail","hentry","category-notadefalecimento","category-noticiasdestaque"],"_links":{"self":[{"href":"https:\/\/jorgezanoni.com.br\/2019\/wp-json\/wp\/v2\/posts\/44894","targetHints":{"allow":["GET"]}}],"collection":[{"href":"https:\/\/jorgezanoni.com.br\/2019\/wp-json\/wp\/v2\/posts"}],"about":[{"href":"https:\/\/jorgezanoni.com.br\/2019\/wp-json\/wp\/v2\/types\/post"}],"author":[{"embeddable":true,"href":"https:\/\/jorgezanoni.com.br\/2019\/wp-json\/wp\/v2\/users\/1"}],"replies":[{"embeddable":true,"href":"https:\/\/jorgezanoni.com.br\/2019\/wp-json\/wp\/v2\/comments?post=44894"}],"version-history":[{"count":0,"href":"https:\/\/jorgezanoni.com.br\/2019\/wp-json\/wp\/v2\/posts\/44894\/revisions"}],"wp:featuredmedia":[{"embeddable":true,"href":"https:\/\/jorgezanoni.com.br\/2019\/wp-json\/wp\/v2\/media\/44896"}],"wp:attachment":[{"href":"https:\/\/jorgezanoni.com.br\/2019\/wp-json\/wp\/v2\/media?parent=44894"}],"wp:term":[{"taxonomy":"category","embeddable":true,"href":"https:\/\/jorgezanoni.com.br\/2019\/wp-json\/wp\/v2\/categories?post=44894"},{"taxonomy":"post_tag","embeddable":true,"href":"https:\/\/jorgezanoni.com.br\/2019\/wp-json\/wp\/v2\/tags?post=44894"}],"curies":[{"name":"wp","href":"https:\/\/api.w.org\/{rel}","templated":true}]}}