{"id":44887,"date":"2021-03-19T12:39:06","date_gmt":"2021-03-19T12:39:06","guid":{"rendered":"https:\/\/jorgezanoni.com.br\/2019\/?p=44887"},"modified":"2021-03-19T12:39:06","modified_gmt":"2021-03-19T12:39:06","slug":"morre-edwirges-miola-conhecido-vila-do-bairro-canta-galo","status":"publish","type":"post","link":"https:\/\/jorgezanoni.com.br\/2019\/morre-edwirges-miola-conhecido-vila-do-bairro-canta-galo\/","title":{"rendered":"Morre Edwirges Miola conhecido &#8220;Vila do Bairro Canta Galo&#8221;"},"content":{"rendered":"<p style=\"text-align: justify;\">Comunicamos com pesar o falecimento do sr. Edwirges Miola de 77 anos. Era conhecido como &#8220;Vila do Bairro Canta Calo&#8221;. Estava internado na UTI da Santa Casa de Dracena em tratamento da COVID.<\/p>\n<p style=\"text-align: justify;\">Deixa m\u00e3e, a esposa Alice, os filhos Carlos, Sidnei, Jos\u00e9 Roberto, Fl\u00e1vio e Adriano, Noras, irm\u00e3o, netos, bisnetos e demais familiares e amigos.<\/p>\n<p style=\"text-align: justify;\">\u00c9 pai do Carlos (Mercado Miola), sogro da Carmem Lucia.<\/p>\n<p style=\"text-align: justify;\">O Sepultamento ocorre hoje (19), \u00e0s 10:00 Horas, no Cemit\u00e9rio Municipal de Dracena.<\/p>\n<p style=\"text-align: justify;\">O Site JZ se solidariza com a fam\u00edlia neste dif\u00edcil momento.<\/p>\n<p><img loading=\"lazy\" decoding=\"async\" class=\"alignnone size-full wp-image-44889\" src=\"https:\/\/jorgezanoni.com.br\/2019\/wp-content\/uploads\/2021\/03\/Miola.jpg\" alt=\"\" width=\"1280\" height=\"1279\" srcset=\"https:\/\/jorgezanoni.com.br\/2019\/wp-content\/uploads\/2021\/03\/Miola.jpg 1280w, https:\/\/jorgezanoni.com.br\/2019\/wp-content\/uploads\/2021\/03\/Miola-300x300.jpg 300w, https:\/\/jorgezanoni.com.br\/2019\/wp-content\/uploads\/2021\/03\/Miola-1024x1024.jpg 1024w, https:\/\/jorgezanoni.com.br\/2019\/wp-content\/uploads\/2021\/03\/Miola-150x150.jpg 150w, https:\/\/jorgezanoni.com.br\/2019\/wp-content\/uploads\/2021\/03\/Miola-768x767.jpg 768w, https:\/\/jorgezanoni.com.br\/2019\/wp-content\/uploads\/2021\/03\/Miola-696x695.jpg 696w, https:\/\/jorgezanoni.com.br\/2019\/wp-content\/uploads\/2021\/03\/Miola-1068x1067.jpg 1068w, https:\/\/jorgezanoni.com.br\/2019\/wp-content\/uploads\/2021\/03\/Miola-420x420.jpg 420w\" sizes=\"auto, (max-width: 1280px) 100vw, 1280px\" \/><\/p>\n","protected":false},"excerpt":{"rendered":"<p>Comunicamos com pesar o falecimento do sr. Edwirges Miola de 77 anos. Era conhecido como &#8220;Vila do Bairro Canta Calo&#8221;. Estava internado na UTI da Santa Casa de Dracena em tratamento da COVID. Deixa m\u00e3e, a esposa Alice, os filhos Carlos, Sidnei, Jos\u00e9 Roberto, Fl\u00e1vio e Adriano, Noras, irm\u00e3o, netos, bisnetos e demais familiares e [&hellip;]<\/p>\n","protected":false},"author":1,"featured_media":44888,"comment_status":"closed","ping_status":"open","sticky":false,"template":"","format":"standard","meta":{"footnotes":""},"categories":[178,110],"tags":[],"class_list":["post-44887","post","type-post","status-publish","format-standard","has-post-thumbnail","hentry","category-notadefalecimento","category-noticiasdestaque"],"_links":{"self":[{"href":"https:\/\/jorgezanoni.com.br\/2019\/wp-json\/wp\/v2\/posts\/44887","targetHints":{"allow":["GET"]}}],"collection":[{"href":"https:\/\/jorgezanoni.com.br\/2019\/wp-json\/wp\/v2\/posts"}],"about":[{"href":"https:\/\/jorgezanoni.com.br\/2019\/wp-json\/wp\/v2\/types\/post"}],"author":[{"embeddable":true,"href":"https:\/\/jorgezanoni.com.br\/2019\/wp-json\/wp\/v2\/users\/1"}],"replies":[{"embeddable":true,"href":"https:\/\/jorgezanoni.com.br\/2019\/wp-json\/wp\/v2\/comments?post=44887"}],"version-history":[{"count":0,"href":"https:\/\/jorgezanoni.com.br\/2019\/wp-json\/wp\/v2\/posts\/44887\/revisions"}],"wp:featuredmedia":[{"embeddable":true,"href":"https:\/\/jorgezanoni.com.br\/2019\/wp-json\/wp\/v2\/media\/44888"}],"wp:attachment":[{"href":"https:\/\/jorgezanoni.com.br\/2019\/wp-json\/wp\/v2\/media?parent=44887"}],"wp:term":[{"taxonomy":"category","embeddable":true,"href":"https:\/\/jorgezanoni.com.br\/2019\/wp-json\/wp\/v2\/categories?post=44887"},{"taxonomy":"post_tag","embeddable":true,"href":"https:\/\/jorgezanoni.com.br\/2019\/wp-json\/wp\/v2\/tags?post=44887"}],"curies":[{"name":"wp","href":"https:\/\/api.w.org\/{rel}","templated":true}]}}