{"id":44851,"date":"2021-03-18T21:42:26","date_gmt":"2021-03-18T21:42:26","guid":{"rendered":"https:\/\/jorgezanoni.com.br\/2019\/?p=44851"},"modified":"2021-03-18T21:42:26","modified_gmt":"2021-03-18T21:42:26","slug":"boletim-atualizado-da-covid-19-da-secretaria-municipal-de-saude-de-dracena-18-03-21","status":"publish","type":"post","link":"https:\/\/jorgezanoni.com.br\/2019\/boletim-atualizado-da-covid-19-da-secretaria-municipal-de-saude-de-dracena-18-03-21\/","title":{"rendered":"Boletim atualizado da COVID-19 da Secretaria Municipal de Sa\u00fade de Dracena 18\/03\/21"},"content":{"rendered":"<div class=\"kvgmc6g5 cxmmr5t8 oygrvhab hcukyx3x c1et5uql ii04i59q\">\n<div dir=\"auto\" style=\"text-align: justify;\">BOLETIM EPIDEMIOL\u00d3GICO COVID 19<\/div>\n<div dir=\"auto\" style=\"text-align: justify;\">QUINTA FEIRA (18\/03)<\/div>\n<\/div>\n<div class=\"o9v6fnle cxmmr5t8 oygrvhab hcukyx3x c1et5uql ii04i59q\" style=\"text-align: justify;\">\n<div dir=\"auto\">Suspeitos: 26<\/div>\n<div dir=\"auto\">Suspeitos Domiciliar: 26<\/div>\n<div dir=\"auto\">Suspeito Hospitalar: 0<\/div>\n<div dir=\"auto\">Confirmados: 3.745<\/div>\n<div dir=\"auto\">Curados: 2.935<\/div>\n<div dir=\"auto\">Isolamento domiciliar: 648<\/div>\n<div dir=\"auto\">Tratamento Hospitalar: 33<\/div>\n<div dir=\"auto\">\u00d3bitos: 129<\/div>\n<\/div>\n<div class=\"o9v6fnle cxmmr5t8 oygrvhab hcukyx3x c1et5uql ii04i59q\" style=\"text-align: justify;\">\n<div dir=\"auto\">ALERTA <span class=\"pq6dq46d tbxw36s4 knj5qynh kvgmc6g5 ditlmg2l oygrvhab nvdbi5me sf5mxxl7 gl3lb2sf hhz5lgdu\"><img loading=\"lazy\" decoding=\"async\" src=\"https:\/\/static.xx.fbcdn.net\/images\/emoji.php\/v9\/t80\/1\/16\/1f64f.png\" alt=\"\ud83d\ude4f\" width=\"16\" height=\"16\" \/><\/span><\/div>\n<div dir=\"auto\">Nas \u00faltimas 24 horas, foram confirmados novos 28 casos positivos da doen\u00e7a<\/div>\n<div dir=\"auto\">O n\u00famero de curados no mesmo per\u00edodo corresponde a 61 pessoas<\/div>\n<\/div>\n<div class=\"o9v6fnle cxmmr5t8 oygrvhab hcukyx3x c1et5uql ii04i59q\">\n<div dir=\"auto\" style=\"text-align: justify;\">N\u00c3O DESCUIDE<\/div>\n<div dir=\"auto\" style=\"text-align: justify;\">USE M\u00c1SCARA E HIGIENIZE AS M\u00c3OS<\/div>\n<div dir=\"auto\" style=\"text-align: justify;\">N\u00c3O AGLOMERE<\/div>\n<div dir=\"auto\"><\/div>\n<\/div>\n<div dir=\"auto\">Fonte: https:\/\/www.facebook.com\/prefeituradracena<\/div>\n","protected":false},"excerpt":{"rendered":"<p>BOLETIM EPIDEMIOL\u00d3GICO COVID 19 QUINTA FEIRA (18\/03) Suspeitos: 26 Suspeitos Domiciliar: 26 Suspeito Hospitalar: 0 Confirmados: 3.745 Curados: 2.935 Isolamento domiciliar: 648 Tratamento Hospitalar: 33 \u00d3bitos: 129 ALERTA Nas \u00faltimas 24 horas, foram confirmados novos 28 casos positivos da doen\u00e7a O n\u00famero de curados no mesmo per\u00edodo corresponde a 61 pessoas N\u00c3O DESCUIDE USE M\u00c1SCARA [&hellip;]<\/p>\n","protected":false},"author":1,"featured_media":44852,"comment_status":"closed","ping_status":"open","sticky":false,"template":"","format":"standard","meta":{"footnotes":""},"categories":[179,184,110],"tags":[],"class_list":["post-44851","post","type-post","status-publish","format-standard","has-post-thumbnail","hentry","category-cidadeseregiao","category-dracena","category-noticiasdestaque"],"_links":{"self":[{"href":"https:\/\/jorgezanoni.com.br\/2019\/wp-json\/wp\/v2\/posts\/44851","targetHints":{"allow":["GET"]}}],"collection":[{"href":"https:\/\/jorgezanoni.com.br\/2019\/wp-json\/wp\/v2\/posts"}],"about":[{"href":"https:\/\/jorgezanoni.com.br\/2019\/wp-json\/wp\/v2\/types\/post"}],"author":[{"embeddable":true,"href":"https:\/\/jorgezanoni.com.br\/2019\/wp-json\/wp\/v2\/users\/1"}],"replies":[{"embeddable":true,"href":"https:\/\/jorgezanoni.com.br\/2019\/wp-json\/wp\/v2\/comments?post=44851"}],"version-history":[{"count":0,"href":"https:\/\/jorgezanoni.com.br\/2019\/wp-json\/wp\/v2\/posts\/44851\/revisions"}],"wp:featuredmedia":[{"embeddable":true,"href":"https:\/\/jorgezanoni.com.br\/2019\/wp-json\/wp\/v2\/media\/44852"}],"wp:attachment":[{"href":"https:\/\/jorgezanoni.com.br\/2019\/wp-json\/wp\/v2\/media?parent=44851"}],"wp:term":[{"taxonomy":"category","embeddable":true,"href":"https:\/\/jorgezanoni.com.br\/2019\/wp-json\/wp\/v2\/categories?post=44851"},{"taxonomy":"post_tag","embeddable":true,"href":"https:\/\/jorgezanoni.com.br\/2019\/wp-json\/wp\/v2\/tags?post=44851"}],"curies":[{"name":"wp","href":"https:\/\/api.w.org\/{rel}","templated":true}]}}