{"id":44828,"date":"2021-03-18T15:22:12","date_gmt":"2021-03-18T15:22:12","guid":{"rendered":"https:\/\/jorgezanoni.com.br\/2019\/?p=44828"},"modified":"2021-03-18T15:22:12","modified_gmt":"2021-03-18T15:22:12","slug":"decreto-que-trata-do-estado-de-emergencia-e-prorrogado-em-dracena","status":"publish","type":"post","link":"https:\/\/jorgezanoni.com.br\/2019\/decreto-que-trata-do-estado-de-emergencia-e-prorrogado-em-dracena\/","title":{"rendered":"Decreto que trata do Estado de Emerg\u00eancia \u00e9 prorrogado em Dracena"},"content":{"rendered":"<p style=\"text-align: justify;\"><strong><em>A Administra\u00e7\u00e3o Municipal informa que este n\u00e3o tem rela\u00e7\u00e3o nenhuma com o decreto sobre a Fase Vermelha<\/em><\/strong><\/p>\n<p style=\"text-align: justify;\">O prefeito Andr\u00e9 Lemos assinou na quarta-feira, 17, o decreto n\u00ba 7.404\/2021, que disp\u00f5e sobre a prorroga\u00e7\u00e3o do Estado de Emerg\u00eancia no \u00e2mbito do munic\u00edpio de Dracena, decorrente das medidas de enfrentamento da pandemia do Coronav\u00edrus.<\/p>\n<p style=\"text-align: justify;\">A administra\u00e7\u00e3o municipal explica que esta quest\u00e3o n\u00e3o prorroga por 180 dias o decreto da Fase Vermelha e muito menos o lockdown e o toque de recolher.<\/p>\n<p style=\"text-align: justify;\">Tal decreto de prorroga\u00e7\u00e3o de emerg\u00eancia tem a finalidade de estabelecer uma situa\u00e7\u00e3o jur\u00eddica especial, a fim de facilitar a gest\u00e3o administrativa p\u00fablica para a execu\u00e7\u00e3o das a\u00e7\u00f5es de socorro e assist\u00eancia humanit\u00e1ria \u00e0 popula\u00e7\u00e3o afetada, restabelecimento de servi\u00e7os essenciais e recupera\u00e7\u00e3o de \u00e1reas atingidas pela pandemia do Coronav\u00edrus.<\/p>\n<p style=\"text-align: justify;\">Essa situa\u00e7\u00e3o jur\u00eddica especial permite que seja dispensada a licita\u00e7\u00e3o para as contrata\u00e7\u00f5es que visem \u00e0 aquisi\u00e7\u00e3o dos bens necess\u00e1rios ao atendimento da situa\u00e7\u00e3o emergencial e para as parcelas de obras e servi\u00e7os que possam ser conclu\u00eddas no prazo m\u00e1ximo de 180 dias consecutivos e ininterruptos, contados da ocorr\u00eancia da emerg\u00eancia.<\/p>\n<p style=\"text-align: justify;\">A decreta\u00e7\u00e3o da situa\u00e7\u00e3o de emerg\u00eancia,\u00a0foi necess\u00e1ria para viabilizar\u00a0 a solicita\u00e7\u00e3o de recursos de apoio complementar do Governo Federal e Estadual para o combate das a\u00e7\u00f5es durante a pandemia.<\/p>\n<p style=\"text-align: justify;\">Fonte: Diretoria de Comunica\u00e7\u00e3o Prefeitura<\/p>\n","protected":false},"excerpt":{"rendered":"<p>A Administra\u00e7\u00e3o Municipal informa que este n\u00e3o tem rela\u00e7\u00e3o nenhuma com o decreto sobre a Fase Vermelha O prefeito Andr\u00e9 Lemos assinou na quarta-feira, 17, o decreto n\u00ba 7.404\/2021, que disp\u00f5e sobre a prorroga\u00e7\u00e3o do Estado de Emerg\u00eancia no \u00e2mbito do munic\u00edpio de Dracena, decorrente das medidas de enfrentamento da pandemia do Coronav\u00edrus. A administra\u00e7\u00e3o [&hellip;]<\/p>\n","protected":false},"author":1,"featured_media":44829,"comment_status":"closed","ping_status":"open","sticky":false,"template":"","format":"standard","meta":{"footnotes":""},"categories":[179,184,110],"tags":[],"class_list":["post-44828","post","type-post","status-publish","format-standard","has-post-thumbnail","hentry","category-cidadeseregiao","category-dracena","category-noticiasdestaque"],"_links":{"self":[{"href":"https:\/\/jorgezanoni.com.br\/2019\/wp-json\/wp\/v2\/posts\/44828","targetHints":{"allow":["GET"]}}],"collection":[{"href":"https:\/\/jorgezanoni.com.br\/2019\/wp-json\/wp\/v2\/posts"}],"about":[{"href":"https:\/\/jorgezanoni.com.br\/2019\/wp-json\/wp\/v2\/types\/post"}],"author":[{"embeddable":true,"href":"https:\/\/jorgezanoni.com.br\/2019\/wp-json\/wp\/v2\/users\/1"}],"replies":[{"embeddable":true,"href":"https:\/\/jorgezanoni.com.br\/2019\/wp-json\/wp\/v2\/comments?post=44828"}],"version-history":[{"count":0,"href":"https:\/\/jorgezanoni.com.br\/2019\/wp-json\/wp\/v2\/posts\/44828\/revisions"}],"wp:featuredmedia":[{"embeddable":true,"href":"https:\/\/jorgezanoni.com.br\/2019\/wp-json\/wp\/v2\/media\/44829"}],"wp:attachment":[{"href":"https:\/\/jorgezanoni.com.br\/2019\/wp-json\/wp\/v2\/media?parent=44828"}],"wp:term":[{"taxonomy":"category","embeddable":true,"href":"https:\/\/jorgezanoni.com.br\/2019\/wp-json\/wp\/v2\/categories?post=44828"},{"taxonomy":"post_tag","embeddable":true,"href":"https:\/\/jorgezanoni.com.br\/2019\/wp-json\/wp\/v2\/tags?post=44828"}],"curies":[{"name":"wp","href":"https:\/\/api.w.org\/{rel}","templated":true}]}}