{"id":44818,"date":"2021-03-18T02:41:52","date_gmt":"2021-03-18T02:41:52","guid":{"rendered":"https:\/\/jorgezanoni.com.br\/2019\/?p=44818"},"modified":"2021-03-18T02:42:11","modified_gmt":"2021-03-18T02:42:11","slug":"hoje-17-e-dia-do-agente-funerario","status":"publish","type":"post","link":"https:\/\/jorgezanoni.com.br\/2019\/hoje-17-e-dia-do-agente-funerario\/","title":{"rendered":"Hoje (17), \u00e9 Dia do Agente Funer\u00e1rio"},"content":{"rendered":"<div dir=\"auto\" style=\"text-align: justify;\">No dia 17 de mar\u00e7o \u00e9 celebrado o dia de S\u00e3o Jos\u00e9 de Arimat\u00e9ia, um homem piedoso, que teve o cuidado de dispor do corpo de JESUS \u200b\u200be dar um digno enterro, \u00e9 por isso que nesta data \u00e9 lembrado e honra homens e mulheres que dedicam suas vidas para uma tarefa t\u00e3o nobre, sacrificando seu tempo (eles n\u00e3o t\u00eam dias ou horas) para ser e acompanhar fam\u00edlias que perderam um ente querido na morte.<\/div>\n<div dir=\"auto\" style=\"text-align: justify;\">Parabenizamos \u00e0 todos que fazem parte dessa profiss\u00e3o !<\/div>\n<div dir=\"auto\">\n<header>\n<h2 class=\"quote-title share-title\" style=\"text-align: justify;\">Trabalho duro<\/h2>\n<\/header>\n<p class=\"copy-text share-text\" style=\"text-align: justify;\">Em meio a tantas profiss\u00f5es existentes, voc\u00ea, agente funer\u00e1rio, abre m\u00e3o das horas de sono da madrugada e tamb\u00e9m das datas festivas e feriados para proporcionar um acalento \u00e0queles que sofrem o luto. Enquanto muitas pessoas dormem, voc\u00ea d\u00e1 o seu m\u00e1ximo para que uma pessoa sinta o m\u00ednimo de conforto em seu cora\u00e7\u00e3o. O seu trabalho pode ser duro, mas os seus frutos ser\u00e3o colhidos com alegria!<\/p>\n<p style=\"text-align: justify;\">Homenagem do Site JZ a todos os amigos Agentes Funer\u00e1rios, especialmente os de Dracena e regi\u00e3o.<\/p>\n<p style=\"text-align: justify;\">Abra\u00e7os do Jorge Zanoni<\/p>\n<\/div>\n","protected":false},"excerpt":{"rendered":"<p>No dia 17 de mar\u00e7o \u00e9 celebrado o dia de S\u00e3o Jos\u00e9 de Arimat\u00e9ia, um homem piedoso, que teve o cuidado de dispor do corpo de JESUS \u200b\u200be dar um digno enterro, \u00e9 por isso que nesta data \u00e9 lembrado e honra homens e mulheres que dedicam suas vidas para uma tarefa t\u00e3o nobre, sacrificando [&hellip;]<\/p>\n","protected":false},"author":1,"featured_media":44819,"comment_status":"closed","ping_status":"open","sticky":false,"template":"","format":"standard","meta":{"footnotes":""},"categories":[114,110],"tags":[],"class_list":["post-44818","post","type-post","status-publish","format-standard","has-post-thumbnail","hentry","category-geralecomercio","category-noticiasdestaque"],"_links":{"self":[{"href":"https:\/\/jorgezanoni.com.br\/2019\/wp-json\/wp\/v2\/posts\/44818","targetHints":{"allow":["GET"]}}],"collection":[{"href":"https:\/\/jorgezanoni.com.br\/2019\/wp-json\/wp\/v2\/posts"}],"about":[{"href":"https:\/\/jorgezanoni.com.br\/2019\/wp-json\/wp\/v2\/types\/post"}],"author":[{"embeddable":true,"href":"https:\/\/jorgezanoni.com.br\/2019\/wp-json\/wp\/v2\/users\/1"}],"replies":[{"embeddable":true,"href":"https:\/\/jorgezanoni.com.br\/2019\/wp-json\/wp\/v2\/comments?post=44818"}],"version-history":[{"count":0,"href":"https:\/\/jorgezanoni.com.br\/2019\/wp-json\/wp\/v2\/posts\/44818\/revisions"}],"wp:featuredmedia":[{"embeddable":true,"href":"https:\/\/jorgezanoni.com.br\/2019\/wp-json\/wp\/v2\/media\/44819"}],"wp:attachment":[{"href":"https:\/\/jorgezanoni.com.br\/2019\/wp-json\/wp\/v2\/media?parent=44818"}],"wp:term":[{"taxonomy":"category","embeddable":true,"href":"https:\/\/jorgezanoni.com.br\/2019\/wp-json\/wp\/v2\/categories?post=44818"},{"taxonomy":"post_tag","embeddable":true,"href":"https:\/\/jorgezanoni.com.br\/2019\/wp-json\/wp\/v2\/tags?post=44818"}],"curies":[{"name":"wp","href":"https:\/\/api.w.org\/{rel}","templated":true}]}}