{"id":44794,"date":"2021-03-17T23:23:30","date_gmt":"2021-03-17T23:23:30","guid":{"rendered":"https:\/\/jorgezanoni.com.br\/2019\/?p=44794"},"modified":"2021-03-17T23:23:30","modified_gmt":"2021-03-17T23:23:30","slug":"veja-quem-podera-ser-vacinado-covid-na-sexta-feira-19","status":"publish","type":"post","link":"https:\/\/jorgezanoni.com.br\/2019\/veja-quem-podera-ser-vacinado-covid-na-sexta-feira-19\/","title":{"rendered":"Veja quem poder\u00e1 ser vacinado Covid na sexta-feira (19)"},"content":{"rendered":"<p style=\"text-align: justify;\">A Vigil\u00e2ncia Epidemiol\u00f3gica informa que nesta sexta-feira, dia 19, estar\u00e1 sendo antecipada a vacina\u00e7\u00e3o de idosos entre 72 a 74 anos.<\/p>\n<p style=\"text-align: justify;\">O p\u00fablico de 75 e 76 anos e aqueles que est\u00e3o com a segunda dose agendada devem procurar pelos postos de vacina\u00e7\u00e3o.<\/p>\n<p style=\"text-align: justify;\">Nesta sexta, al\u00e9m dos dois postos CEP-UME e EMEFI Jo\u00e3o Vendramini, tamb\u00e9m estar\u00e1 sendo oferecida a imuniza\u00e7\u00e3o na EMEFI Luiza Rossa Ribeiro.\u00a0 O hor\u00e1rio \u00e9 das 8h \u00e0s 13h. \u00c9 preciso apresentar o RG, CPF e comprovante de resid\u00eancia e quem for tomar a segunda dose, o cart\u00e3o comprovando a primeira .<\/p>\n<p>Fonte: Diretoria de Comunica\u00e7\u00e3o Prefeitura<\/p>\n","protected":false},"excerpt":{"rendered":"<p>A Vigil\u00e2ncia Epidemiol\u00f3gica informa que nesta sexta-feira, dia 19, estar\u00e1 sendo antecipada a vacina\u00e7\u00e3o de idosos entre 72 a 74 anos. O p\u00fablico de 75 e 76 anos e aqueles que est\u00e3o com a segunda dose agendada devem procurar pelos postos de vacina\u00e7\u00e3o. Nesta sexta, al\u00e9m dos dois postos CEP-UME e EMEFI Jo\u00e3o Vendramini, tamb\u00e9m [&hellip;]<\/p>\n","protected":false},"author":1,"featured_media":44795,"comment_status":"closed","ping_status":"open","sticky":false,"template":"","format":"standard","meta":{"footnotes":""},"categories":[179,184,110],"tags":[],"class_list":["post-44794","post","type-post","status-publish","format-standard","has-post-thumbnail","hentry","category-cidadeseregiao","category-dracena","category-noticiasdestaque"],"_links":{"self":[{"href":"https:\/\/jorgezanoni.com.br\/2019\/wp-json\/wp\/v2\/posts\/44794","targetHints":{"allow":["GET"]}}],"collection":[{"href":"https:\/\/jorgezanoni.com.br\/2019\/wp-json\/wp\/v2\/posts"}],"about":[{"href":"https:\/\/jorgezanoni.com.br\/2019\/wp-json\/wp\/v2\/types\/post"}],"author":[{"embeddable":true,"href":"https:\/\/jorgezanoni.com.br\/2019\/wp-json\/wp\/v2\/users\/1"}],"replies":[{"embeddable":true,"href":"https:\/\/jorgezanoni.com.br\/2019\/wp-json\/wp\/v2\/comments?post=44794"}],"version-history":[{"count":0,"href":"https:\/\/jorgezanoni.com.br\/2019\/wp-json\/wp\/v2\/posts\/44794\/revisions"}],"wp:featuredmedia":[{"embeddable":true,"href":"https:\/\/jorgezanoni.com.br\/2019\/wp-json\/wp\/v2\/media\/44795"}],"wp:attachment":[{"href":"https:\/\/jorgezanoni.com.br\/2019\/wp-json\/wp\/v2\/media?parent=44794"}],"wp:term":[{"taxonomy":"category","embeddable":true,"href":"https:\/\/jorgezanoni.com.br\/2019\/wp-json\/wp\/v2\/categories?post=44794"},{"taxonomy":"post_tag","embeddable":true,"href":"https:\/\/jorgezanoni.com.br\/2019\/wp-json\/wp\/v2\/tags?post=44794"}],"curies":[{"name":"wp","href":"https:\/\/api.w.org\/{rel}","templated":true}]}}