{"id":44791,"date":"2021-03-17T23:07:14","date_gmt":"2021-03-17T23:07:14","guid":{"rendered":"https:\/\/jorgezanoni.com.br\/2019\/?p=44791"},"modified":"2021-03-17T23:08:32","modified_gmt":"2021-03-17T23:08:32","slug":"ve-informa-sobre-dengue-e-leishmaniose","status":"publish","type":"post","link":"https:\/\/jorgezanoni.com.br\/2019\/ve-informa-sobre-dengue-e-leishmaniose\/","title":{"rendered":"VE informa sobre dengue e leishmaniose"},"content":{"rendered":"<p>A Vigil\u00e2ncia Epidemiol\u00f3gica informa que de janeiro a mar\u00e7o deste ano foram registrados 98 casos de dengue e nenhum \u00f3bito em decorr\u00eancia da doen\u00e7a.<\/p>\n<p style=\"text-align: justify;\">Com rela\u00e7\u00e3o \u00e0 leishmaniose neste ano, n\u00e3o foi registrado nenhum caso da doen\u00e7a e nenhum \u00f3bito.<\/p>\n<p>Aproveita para alertar a popula\u00e7\u00e3o a manter os cuidados com quintais, principalmente n\u00e3o deixando \u00e1gua parada, folhas acumuladas, entulhos e ainda fezes de animais.<\/p>\n<p><strong>NO ANO PASSADO<\/strong><\/p>\n<p>Janeiro a mar\u00e7o de 2020: 1.875 casos de dengue e 2 \u00f3bitos<\/p>\n<p>2020: 3 casos de leishmaniose em humanos e 1 \u00f3bito (ano todo).<\/p>\n<p>Fonte: Diretoria de Comunica\u00e7\u00e3o Prefeitura<\/p>\n<p>Imagem Arquivo<\/p>\n<p>&nbsp;<\/p>\n<p>&nbsp;<\/p>\n","protected":false},"excerpt":{"rendered":"<p>A Vigil\u00e2ncia Epidemiol\u00f3gica informa que de janeiro a mar\u00e7o deste ano foram registrados 98 casos de dengue e nenhum \u00f3bito em decorr\u00eancia da doen\u00e7a. Com rela\u00e7\u00e3o \u00e0 leishmaniose neste ano, n\u00e3o foi registrado nenhum caso da doen\u00e7a e nenhum \u00f3bito. Aproveita para alertar a popula\u00e7\u00e3o a manter os cuidados com quintais, principalmente n\u00e3o deixando \u00e1gua [&hellip;]<\/p>\n","protected":false},"author":1,"featured_media":44792,"comment_status":"closed","ping_status":"open","sticky":false,"template":"","format":"standard","meta":{"footnotes":""},"categories":[179,184,110],"tags":[],"class_list":["post-44791","post","type-post","status-publish","format-standard","has-post-thumbnail","hentry","category-cidadeseregiao","category-dracena","category-noticiasdestaque"],"_links":{"self":[{"href":"https:\/\/jorgezanoni.com.br\/2019\/wp-json\/wp\/v2\/posts\/44791","targetHints":{"allow":["GET"]}}],"collection":[{"href":"https:\/\/jorgezanoni.com.br\/2019\/wp-json\/wp\/v2\/posts"}],"about":[{"href":"https:\/\/jorgezanoni.com.br\/2019\/wp-json\/wp\/v2\/types\/post"}],"author":[{"embeddable":true,"href":"https:\/\/jorgezanoni.com.br\/2019\/wp-json\/wp\/v2\/users\/1"}],"replies":[{"embeddable":true,"href":"https:\/\/jorgezanoni.com.br\/2019\/wp-json\/wp\/v2\/comments?post=44791"}],"version-history":[{"count":0,"href":"https:\/\/jorgezanoni.com.br\/2019\/wp-json\/wp\/v2\/posts\/44791\/revisions"}],"wp:featuredmedia":[{"embeddable":true,"href":"https:\/\/jorgezanoni.com.br\/2019\/wp-json\/wp\/v2\/media\/44792"}],"wp:attachment":[{"href":"https:\/\/jorgezanoni.com.br\/2019\/wp-json\/wp\/v2\/media?parent=44791"}],"wp:term":[{"taxonomy":"category","embeddable":true,"href":"https:\/\/jorgezanoni.com.br\/2019\/wp-json\/wp\/v2\/categories?post=44791"},{"taxonomy":"post_tag","embeddable":true,"href":"https:\/\/jorgezanoni.com.br\/2019\/wp-json\/wp\/v2\/tags?post=44791"}],"curies":[{"name":"wp","href":"https:\/\/api.w.org\/{rel}","templated":true}]}}