{"id":44781,"date":"2021-03-17T15:46:12","date_gmt":"2021-03-17T15:46:12","guid":{"rendered":"https:\/\/jorgezanoni.com.br\/2019\/?p=44781"},"modified":"2021-03-17T15:46:12","modified_gmt":"2021-03-17T15:46:12","slug":"unifadra-dracena-abre-inscricoes-para-vestibular-de-inverno-de-medicina","status":"publish","type":"post","link":"https:\/\/jorgezanoni.com.br\/2019\/unifadra-dracena-abre-inscricoes-para-vestibular-de-inverno-de-medicina\/","title":{"rendered":"Unifadra Dracena abre inscri\u00e7\u00f5es para Vestibular de Inverno de Medicina"},"content":{"rendered":"<p style=\"text-align: justify;\"><span id=\"gmail-docs-internal-guid-4d836ea5-7fff-d0d7-3135-988d3865efe4\">A Faculdade Unifadra, unidade mantida pela Fundec de Dracena, est\u00e1 com inscri\u00e7\u00f5es abertas para o Vestibular de Inverno de Medicina para ingresso com a nota do ENEM. Os interessados podem se inscrever at\u00e9 o dia 30 de junho, exclusivamente pelo site da Vunesp (<a href=\"http:\/\/www.vunesp.com.br\/\" target=\"_blank\" rel=\"noopener noreferrer\">www.vunesp.com.br<\/a>).<br \/>\nEste processo seletivo disponibilizar\u00e1 45 vagas para in\u00edcio do curso em 2022. O processo seletivo considerar\u00e1 o aproveitamento das notas do ENEM de 2011 a 2020, desde que garantidos os crit\u00e9rios m\u00ednimos de desempenho estabelecidos no edital. N\u00e3o haver\u00e1 prova presencial.<br \/>\nA lista dos aprovados ser\u00e1 divulgada no dia 07 de julho e as matr\u00edculas dever\u00e3o ser feitas de 14 a 16 de julho.<\/span><\/p>\n<div class=\"gmail_signature\" dir=\"ltr\">\n<div dir=\"ltr\" style=\"text-align: justify;\">Carolina Colnago<br \/>\nAssistente de Comunica\u00e7\u00e3o<br \/>\nFunda\u00e7\u00e3o Dracenense de Educa\u00e7\u00e3o e Cultura<\/div>\n<\/div>\n","protected":false},"excerpt":{"rendered":"<p>A Faculdade Unifadra, unidade mantida pela Fundec de Dracena, est\u00e1 com inscri\u00e7\u00f5es abertas para o Vestibular de Inverno de Medicina para ingresso com a nota do ENEM. Os interessados podem se inscrever at\u00e9 o dia 30 de junho, exclusivamente pelo site da Vunesp (www.vunesp.com.br). Este processo seletivo disponibilizar\u00e1 45 vagas para in\u00edcio do curso em [&hellip;]<\/p>\n","protected":false},"author":1,"featured_media":44782,"comment_status":"closed","ping_status":"open","sticky":false,"template":"","format":"standard","meta":{"footnotes":""},"categories":[110,122],"tags":[],"class_list":["post-44781","post","type-post","status-publish","format-standard","has-post-thumbnail","hentry","category-noticiasdestaque","category-saudeeducacaoeconcurso"],"_links":{"self":[{"href":"https:\/\/jorgezanoni.com.br\/2019\/wp-json\/wp\/v2\/posts\/44781","targetHints":{"allow":["GET"]}}],"collection":[{"href":"https:\/\/jorgezanoni.com.br\/2019\/wp-json\/wp\/v2\/posts"}],"about":[{"href":"https:\/\/jorgezanoni.com.br\/2019\/wp-json\/wp\/v2\/types\/post"}],"author":[{"embeddable":true,"href":"https:\/\/jorgezanoni.com.br\/2019\/wp-json\/wp\/v2\/users\/1"}],"replies":[{"embeddable":true,"href":"https:\/\/jorgezanoni.com.br\/2019\/wp-json\/wp\/v2\/comments?post=44781"}],"version-history":[{"count":0,"href":"https:\/\/jorgezanoni.com.br\/2019\/wp-json\/wp\/v2\/posts\/44781\/revisions"}],"wp:featuredmedia":[{"embeddable":true,"href":"https:\/\/jorgezanoni.com.br\/2019\/wp-json\/wp\/v2\/media\/44782"}],"wp:attachment":[{"href":"https:\/\/jorgezanoni.com.br\/2019\/wp-json\/wp\/v2\/media?parent=44781"}],"wp:term":[{"taxonomy":"category","embeddable":true,"href":"https:\/\/jorgezanoni.com.br\/2019\/wp-json\/wp\/v2\/categories?post=44781"},{"taxonomy":"post_tag","embeddable":true,"href":"https:\/\/jorgezanoni.com.br\/2019\/wp-json\/wp\/v2\/tags?post=44781"}],"curies":[{"name":"wp","href":"https:\/\/api.w.org\/{rel}","templated":true}]}}