{"id":44775,"date":"2021-03-17T15:24:20","date_gmt":"2021-03-17T15:24:20","guid":{"rendered":"https:\/\/jorgezanoni.com.br\/2019\/?p=44775"},"modified":"2021-03-17T15:24:20","modified_gmt":"2021-03-17T15:24:20","slug":"tudo-continua-na-mesmice-de-sempre-neste-pais-do-faz-de-conta-em-tempo-de-pandemia-por-sergio-barbosa","status":"publish","type":"post","link":"https:\/\/jorgezanoni.com.br\/2019\/tudo-continua-na-mesmice-de-sempre-neste-pais-do-faz-de-conta-em-tempo-de-pandemia-por-sergio-barbosa\/","title":{"rendered":"Tudo continua na mesmice de sempre neste Pa\u00eds do faz de conta em tempo de Pandemia&#8230;(por S\u00e9rgio Barbosa)"},"content":{"rendered":"<p style=\"text-align: justify;\"><strong>Tudo continua na mesmice de sempre neste Pa\u00eds do faz de conta em tempo de Pandemia&#8230;<\/strong><\/p>\n<p style=\"text-align: justify;\"><strong><em>\u201cBem-Aventurados aqueles que leem e aqueles que ouvem as palavras da profecia e guardam as coisas nela escritas, pois o Tempo est\u00e1 pr\u00f3ximo.\u201d (<\/em><\/strong><a href=\"https:\/\/www.pensador.com\/autor\/apocalipse_1_3\/\"><strong><em>Apocalipse 1:3<\/em><\/strong><\/a><strong><em>)<\/em><\/strong><strong><em>\u00a0<\/em><\/strong><\/p>\n<p style=\"text-align: justify;\"><strong><em>\u201cO fim do lobo, do le\u00e3o, do touro e do burro&#8230; \/ N\u00e3o mais cair\u00e1 sobre eles o doce man\u00e1&#8230;\u201d (Nostradamus)<\/em><\/strong><strong>\u00a0<\/strong><\/p>\n<p style=\"text-align: justify;\"><strong><em>S\u00e9rgio Barbosa (*)<\/em><\/strong><\/p>\n<p style=\"text-align: justify;\">Tudo indica que este PA\u00cdS DO FAZ DE CONTA deve continuar com os desencontros de sempre, ou seja, desde o GOLPE que ocorreu faz mais ou menos uns 4 anos, ainda, considerando o RETROCESSO patrocinado pelo atual DESGOVERNO BOZZONARO&#8230;<\/p>\n<p style=\"text-align: justify;\">Tamb\u00e9m, o CEN\u00c1RIO continua mais ca\u00f3tico do que nunca em todas as \u00e1reas do MERCADO em tempo de p\u00f3s-globaliza\u00e7\u00e3o organizacional, entretanto, a tal EQUIPE do COISO com suas COISAS continuam patinando na mesmice de sempre com apoio dos famigerados FAKE NEWS&#8230;<\/p>\n<p style=\"text-align: justify;\">Torna-se necess\u00e1rio registrando tais considera\u00e7\u00f5es por meio das diversas IRONIAS ou FRASES\/DITOS do cotidiano deste PA\u00cdS DO FAZ DE CONTA, tendo em vista que tudo est\u00e1 DOMINADO pelas MENTES BOVINAS e assim por diante&#8230;<\/p>\n<p style=\"text-align: justify;\">Assim, cada qual deve seguir o seu CAMINHO em meio ao contexto atual de uma realidade um tanto quanto APOCALIPTICA para todos os lados, todavia, de um jeito ou de outro, n\u00e3o tem como ficar distante deste CEN\u00c1RIO em tempo de PANDEMIA&#8230;<\/p>\n<p style=\"text-align: justify;\">A POPULA\u00c7\u00c3O em geral continua DUVIDANDO da gravidade da situa\u00e7\u00e3o e quem acaba PAGANDO O PATO s\u00e3o as \u00e1reas da PRODU\u00c7\u00c3O, SERVI\u00c7OS e outras atividades afins ao sistema ECON\u00d4MICO deste PA\u00cdS DO FAZ DE CONTA&#8230;<\/p>\n<p style=\"text-align: justify;\">Apesar de todas as CAMPANHAS desenvolvidas pelas diversas ORGANIZA\u00c7\u00d5ES com o mesmo objetivo visando a CONSIENTIZA\u00c7\u00c3O da popula\u00e7\u00e3o quanto \u00e0 gravidade da situa\u00e7\u00e3o, isso \u00e9, desde o m\u00eas de mar\u00e7o do ano passado, pelos resultados at\u00e9 o momento, pode-se registrar que foram quase todas PERDIDAS ou MANIPULADAS pelas denominadas MENTES BOVINAS que continuam seguindo o BERRANTE&#8230;<\/p>\n<p style=\"text-align: justify;\">O momento \u00e9 GRAV\u00cdSSIMO pra todos\/as que est\u00e3o SOBREVIVENDO de um jeito ou de outro neste PA\u00cdS DO FAZ DE CONTA, haja vista os N\u00daMEROS de \u00d3BITOS que continua crescendo e tudo indica que n\u00e3o existe mais nenhum tipo de CONTROLE para fazer frente ao CORONAV\u00cdRUS e tudo mais em meio ao tudo de menos&#8230;<\/p>\n<p style=\"text-align: justify;\">N\u00e3o existem POL\u00cdTICAS P\u00daBLICAS direcionadas para o PROBLEMA em n\u00edvel FEDERAL, portanto, os ESTADOS tiveram que correr atr\u00e1s do LUCRO, ou seja, das VACINAS para marcar presen\u00e7a quanto ao DESCASO deste DESGOVERNO BOZZONARO&#8230;<\/p>\n<p style=\"text-align: justify;\">T\u00c1 TUDO DOMINADO pelo famigerado e idolatrado SENSO COMUM que faz parte das idas e vindas dos processos midi\u00e1ticos patrocinados pela DESINFORMA\u00c7\u00c3O que predomina em todas as REDES SOCIAIS&#8230;<\/p>\n<p style=\"text-align: justify;\">Est\u00e1 cada vez mais dif\u00edcil para os\/as PROFISSIONAIS que atuam na \u00e1rea da SA\u00daDE\u00a0 e est\u00e3o na LINHA DE FRENTE desta PANDEMIA, pois, os progn\u00f3sticos s\u00e3o os mais tr\u00e1gicos poss\u00edveis com rela\u00e7\u00e3o \u00e0 POPULA\u00c7\u00c3O em GERAL deste PA\u00cdS DO FAZ DE CONTA&#8230;<\/p>\n<p style=\"text-align: justify;\">QUEM SOBREVIVER VAI VIVER&#8230;<\/p>\n<p style=\"text-align: justify;\"><strong><em>_____________________________<\/em><\/strong><\/p>\n<p style=\"text-align: justify;\"><strong><em>(*) jornalista diplomado e professor universit\u00e1rio.<\/em><\/strong><\/p>\n<p style=\"text-align: justify;\"><strong><em>E-MAIL: <\/em><\/strong><a href=\"mailto:barbosa.sebar@gmail.com\"><strong><em>barbosa.sebar@gmail.com<\/em><\/strong><\/a><\/p>\n<p>&nbsp;<\/p>\n<p>&nbsp;<\/p>\n<p>&nbsp;<\/p>\n<p>&nbsp;<\/p>\n<p>&nbsp;<\/p>\n<p>&nbsp;<\/p>\n<p>&nbsp;<\/p>\n","protected":false},"excerpt":{"rendered":"<p>Tudo continua na mesmice de sempre neste Pa\u00eds do faz de conta em tempo de Pandemia&#8230; \u201cBem-Aventurados aqueles que leem e aqueles que ouvem as palavras da profecia e guardam as coisas nela escritas, pois o Tempo est\u00e1 pr\u00f3ximo.\u201d (Apocalipse 1:3)\u00a0 \u201cO fim do lobo, do le\u00e3o, do touro e do burro&#8230; \/ N\u00e3o mais [&hellip;]<\/p>\n","protected":false},"author":1,"featured_media":44776,"comment_status":"closed","ping_status":"open","sticky":false,"template":"","format":"standard","meta":{"footnotes":""},"categories":[175],"tags":[],"class_list":["post-44775","post","type-post","status-publish","format-standard","has-post-thumbnail","hentry","category-artigos"],"_links":{"self":[{"href":"https:\/\/jorgezanoni.com.br\/2019\/wp-json\/wp\/v2\/posts\/44775","targetHints":{"allow":["GET"]}}],"collection":[{"href":"https:\/\/jorgezanoni.com.br\/2019\/wp-json\/wp\/v2\/posts"}],"about":[{"href":"https:\/\/jorgezanoni.com.br\/2019\/wp-json\/wp\/v2\/types\/post"}],"author":[{"embeddable":true,"href":"https:\/\/jorgezanoni.com.br\/2019\/wp-json\/wp\/v2\/users\/1"}],"replies":[{"embeddable":true,"href":"https:\/\/jorgezanoni.com.br\/2019\/wp-json\/wp\/v2\/comments?post=44775"}],"version-history":[{"count":0,"href":"https:\/\/jorgezanoni.com.br\/2019\/wp-json\/wp\/v2\/posts\/44775\/revisions"}],"wp:featuredmedia":[{"embeddable":true,"href":"https:\/\/jorgezanoni.com.br\/2019\/wp-json\/wp\/v2\/media\/44776"}],"wp:attachment":[{"href":"https:\/\/jorgezanoni.com.br\/2019\/wp-json\/wp\/v2\/media?parent=44775"}],"wp:term":[{"taxonomy":"category","embeddable":true,"href":"https:\/\/jorgezanoni.com.br\/2019\/wp-json\/wp\/v2\/categories?post=44775"},{"taxonomy":"post_tag","embeddable":true,"href":"https:\/\/jorgezanoni.com.br\/2019\/wp-json\/wp\/v2\/tags?post=44775"}],"curies":[{"name":"wp","href":"https:\/\/api.w.org\/{rel}","templated":true}]}}